{"id":1025,"date":"2021-03-16T15:20:58","date_gmt":"2021-03-16T14:20:58","guid":{"rendered":"http:\/\/www.guerir.ch\/?p=1025"},"modified":"2022-05-08T20:50:30","modified_gmt":"2022-05-08T18:50:30","slug":"devenez-votre-propre-psychologue","status":"publish","type":"post","link":"https:\/\/new.guerir.ch\/?p=1025","title":{"rendered":"Les secrets du psychisme humain"},"content":{"rendered":"\n<p class=\"has-drop-cap has-normal-font-size wp-block-paragraph\">Plongez dans les arcanes du psychisme humain et d\u00e9couvrez les secrets des th\u00e9rapeutes\/psychologues\/gu\u00e9risseurs.<\/p>\n\n\n\n<p class=\"has-normal-font-size wp-block-paragraph\">Vous avez le souhait de vous prendre en charge, de vous conna\u00eetre, de vous comprendre, de vous lib\u00e9rer de vos d\u00e9fauts et de vos sabotages? Vous avez le souci des autres et aimeriez les aider, savoir trouver les mots, comprendre leurs m\u00e9canismes et \u00eatre efficace dans votre \u00e9coute? Vous avez besoin d\u2019apprendre des techniques qui puissent vous aider dans votre vie professionnelle pour g\u00e9rer vos rapports avec des coll\u00e8gues, pour g\u00e9rer des employ\u00e9s, pour g\u00e9rer des clients? Vous voulez am\u00e9liorer l\u2019amour et le respect que vous vous portez ou trouver des solutions \u00e0 vos probl\u00e8mes \u00e9motionnels et psychologiques? Vous aimez le New Age mais vous pataugez un peu dans les concepts sans savoir comment appliquer ce que vous connaissez? Vous avez besoin d&rsquo;un cours r\u00e9gulier qui vous aide toute l&rsquo;ann\u00e9e dans les d\u00e9fi que vous rencontrez?<\/p>\n\n\n\n<p class=\"wp-block-paragraph\">Dans cette s\u00e9rie de conf\u00e9rences\/cours unique et tr\u00e8s abordable, en format court, trois fois par mois, soit le mercredi soir de 18h15 \u00e0 19h15, soit le vendredi matin de 10h30 \u00e0 11h30 vous d\u00e9couvrirez la plupart des concepts que je donne en cours et en s\u00e9ances. Vous ne pourrez pas, \u00e9videmment, exp\u00e9rimenter autant en profondeur que pendant un cours d\u2019une journ\u00e9e et vous ne pourrez pas recevoir une \u00e9coute personnalis\u00e9e comme dans une s\u00e9ance MAIS vous recevrez beaucoup : je vous donnerais une explication th\u00e9orique compl\u00e8te (et souvent amusante) des secrets de th\u00e9rapeutes et comment les appliquer, vous ferez quelques exercices entre deux sessions et vous pourrez faire les corrections de ma m\u00e9thode pour vous am\u00e9liorer, pour gu\u00e9rir ou changer. Vous pourrez aussi poser des questions. Vous aurez donc, pour une somme tr\u00e8s raisonnable, de pr\u00e9cieux avantages.<\/p>\n\n\n\n<p class=\"wp-block-paragraph\">Pour celles et ceux, nouveaux venus, qui veulent avancer, comprendre, changer mais aussi pour celles et ceux qui ont d\u00e9j\u00e0 travaill\u00e9 avec moi et qui souhaitent renouer avec des connaissances d\u00e9j\u00e0 acquises comme un rafra\u00eechissement de leur m\u00e9moire.<\/p>\n\n\n\n<p class=\"wp-block-paragraph\"><strong>Format<\/strong> :<br>Conf\u00e9rence en ligne d\u2019une heure 3x par mois, \u00e0 18h15 le mercredi ou le vendredi \u00e0 10h30 (en g\u00e9n\u00e9ral hors vacances scolaires). En g\u00e9n\u00e9ral 1 sujet est trait\u00e9 par mois. Cette s\u00e9rie de conf\u00e9rence est faite pour durer mais vous n&rsquo;\u00eates pas oblig\u00e9 de vous inscire \u00e0 tous les cours. Je ferais des annonces r\u00e9guli\u00e8res sur les prochains sujets. Vous choisirez si vous vous inscrivez ou non.<\/p>\n\n\n\n<p class=\"wp-block-paragraph\"><strong>Pr\u00e9-requis<\/strong> :<br>Aucun, mais la lecture de certains de mes livres pourra \u00eatre vivement conseill\u00e9e pour suivre certains modules, en particulier \u00ab\u00a0Comment effacer vos croyances\u00a0\u00bb et \u00ab\u00a0Votre parole est la cl\u00e9\u00a0\u00bb. Mes livres sont accessibles \u00e0 toutes les bourses, notamment si vous t\u00e9l\u00e9chargez la version kindle d&rsquo;Amazon, dans ce cas ils co\u00fbtent moins de 5 euros. D&rsquo;autres livres pourront \u00eatre recommand\u00e9s.<\/p>\n\n\n\n<p class=\"wp-block-paragraph\"><strong>Moyen de communication<\/strong> :<br>Le logiciel Zoom : pas besoin d&rsquo;inscription mais l&rsquo;installation de leur logiciel est n\u00e9cessaire. Je vous envoie une invitation pour la conf\u00e9rence par email, celle-ci est accessible seulement au moment o\u00f9 la conf\u00e9rence commence. Fonctionne sur PC, Mac, t\u00e9l\u00e9phones et tablettes de tout type. Cette installation peut-\u00eatre faite \u00e0 partir du moment o\u00f9 je vous enverrais le lien pour la future r\u00e9union mais si vous voulez prendre un peu d&rsquo;avance pour \u00e9viter les probl\u00e8mes de derni\u00e8re minute, allez ici et installez le programme : <a href=\"https:\/\/zoom.us\/download#client_4meeting\" target=\"_blank\" rel=\"noreferrer noopener\">https:\/\/zoom.us\/download#client_4meeting<\/a><\/p>\n\n\n\n<p class=\"wp-block-paragraph\"><strong>Participants <\/strong>:<br>De 5 \u00e0 20 participants par groupe, voir plus \u00e0 d\u00e9terminer.<\/p>\n\n\n\n<p class=\"wp-block-paragraph\"><strong>Tarifs<\/strong>:<br>CHF 90.- \/ mois \u00e0 payer d\u2019avance sur mon compte par versement. Je vous donnerais mon IBAN lors de votre inscription. Vous pouvez vous engager pour un seul mois ou pour plusieurs mois \u00e0 choix. <span style=\"text-decoration: underline;\">Un mois entam\u00e9 n&rsquo;est pas remboursable<\/span>. Le prix est payable pour un mois mais pas pour une heure. <\/p>\n\n\n\n<p class=\"wp-block-paragraph\"><strong>Absences<\/strong> :<br>Possibles si vous avez un emp\u00eachement (maladie, travail, urgence familiale) mais <span style=\"text-decoration: underline;\">sans r\u00e9duction de tarif<\/span>, <strong>car vous aurez la possibilit\u00e9 de visionner le(s) cours rat\u00e9(s) apr\u00e8s coup sur mon site<\/strong>.<\/p>\n\n\n\n<p class=\"wp-block-paragraph\"><strong>Inscription <\/strong><br>Par email \u00e0 mon adresse habituelle <a href=\"mailto:info@guerir.ch\">info@guerir.ch<\/a> ou <a href=\"mailto:info@portesdeconscience.ch\">info@portesdeconscience.ch<\/a>.<\/p>\n\n\n\n<p class=\"wp-block-paragraph\">Il est possible de s&rsquo;inscrire d\u00e8s le d\u00e9but des sessions, ou plus tard en cours d&rsquo;ann\u00e9e<span style=\"text-decoration: underline;\">,<\/span> ou d&rsquo;interrompre le cursus \u00e0 tout moment (le mois en cours est d\u00fb). Pour raccorder en cours d&rsquo;ann\u00e9e, il faudra commencer au d\u00e9but d&rsquo;un nouveau sujet. Certains pr\u00e9-requis peuvent se r\u00e9v\u00e9ler n\u00e9cessaire dans ces cas l\u00e0, je vous informerai au cas par cas.<span style=\"text-decoration: underline;\"><\/span><\/p>\n\n\n\n<h2 class=\"wp-block-heading\">Contenu des conf\u00e9rences<\/h2>\n\n\n\n<p class=\"wp-block-paragraph\">D\u00e9couvrez les termes usuels en th\u00e9rapie, les techniques d&rsquo;introspection, les diff\u00e9rentes mani\u00e8res d&rsquo;observer une situation, les mots qu&rsquo;il faut utiliser pour accueillir une personne en souffrance ou traumatis\u00e9e, les techniques pour s&rsquo;accueillir soi-m\u00eame, se lib\u00e9rer du stress, des \u00e9motions, des pens\u00e9es n\u00e9gatives, des chocs.<\/p>\n\n\n\n<p class=\"wp-block-paragraph\">Apprenez ce que sont les r\u00f4les familiaux, le triangle de karpmann, les arch\u00e9types, les 6 blessures, les sch\u00e9mas, les processus de digestion, les processus de deuil, les techniques immersives, les outils pour m\u00e9diter, les outils pour g\u00e9rer les \u00e9motions et le mental, les moyens de d\u00e9velopper sa conscience, les techniques de contr\u00f4le de soi. D\u00e9couvrez comment nous sommes constitu\u00e9s: le Je et le Moi, le Surmoi, l&rsquo;Ombre, les \u00e9gos, l&rsquo;esprit, l&rsquo;\u00e2me, la conscience, l&rsquo;inconscient, le subconscient, les personnalit\u00e9s&#8230; D\u00e9couvrez quelles sont les diverses th\u00e9rapies qui existent et ce qu&rsquo;elles peuvent vous apporter et comment choisir son th\u00e9rapeute.<\/p>\n\n\n\n<p class=\"wp-block-paragraph\">Et bien d&rsquo;autres choses&#8230;<\/p>\n","protected":false},"excerpt":{"rendered":"<p>Plongez dans les arcanes du psychisme humain et d\u00e9couvrez les secrets des th\u00e9rapeutes\/psychologues\/gu\u00e9risseurs. Vous avez le souhait de vous prendre en charge, de vous conna\u00eetre, de vous comprendre, de vous lib\u00e9rer de vos d\u00e9fauts et de vos sabotages? Vous avez le souci des autres et aimeriez les aider, savoir trouver les mots, comprendre leurs m\u00e9canismes&#8230;<\/p>\n","protected":false},"author":1,"featured_media":0,"comment_status":"closed","ping_status":"open","sticky":false,"template":"","format":"aside","meta":{"_kad_post_transparent":"","_kad_post_title":"","_kad_post_layout":"","_kad_post_sidebar_id":"","_kad_post_content_style":"","_kad_post_vertical_padding":"","_kad_post_feature":"","_kad_post_feature_position":"","_kad_post_header":false,"_kad_post_footer":false,"_kad_post_classname":"","footnotes":""},"categories":[1],"tags":[399,398,29,392,391,393,394,395,390,400,397,396],"class_list":["post-1025","post","type-post","status-publish","format-aside","hentry","category-non-classe","tag-analyse-de-soi","tag-coaching","tag-developpement-personnel","tag-humain","tag-psychisme","tag-psychologie","tag-psychologue","tag-se-comprendre","tag-secrets","tag-solutions-emotionnelles","tag-travailler-des-schemas","tag-trouver-les-mots","post_format-post-format-aside"],"_links":{"self":[{"href":"https:\/\/new.guerir.ch\/index.php?rest_route=\/wp\/v2\/posts\/1025","targetHints":{"allow":["GET"]}}],"collection":[{"href":"https:\/\/new.guerir.ch\/index.php?rest_route=\/wp\/v2\/posts"}],"about":[{"href":"https:\/\/new.guerir.ch\/index.php?rest_route=\/wp\/v2\/types\/post"}],"author":[{"embeddable":true,"href":"https:\/\/new.guerir.ch\/index.php?rest_route=\/wp\/v2\/users\/1"}],"replies":[{"embeddable":true,"href":"https:\/\/new.guerir.ch\/index.php?rest_route=%2Fwp%2Fv2%2Fcomments&post=1025"}],"version-history":[{"count":9,"href":"https:\/\/new.guerir.ch\/index.php?rest_route=\/wp\/v2\/posts\/1025\/revisions"}],"predecessor-version":[{"id":1108,"href":"https:\/\/new.guerir.ch\/index.php?rest_route=\/wp\/v2\/posts\/1025\/revisions\/1108"}],"wp:attachment":[{"href":"https:\/\/new.guerir.ch\/index.php?rest_route=%2Fwp%2Fv2%2Fmedia&parent=1025"}],"wp:term":[{"taxonomy":"category","embeddable":true,"href":"https:\/\/new.guerir.ch\/index.php?rest_route=%2Fwp%2Fv2%2Fcategories&post=1025"},{"taxonomy":"post_tag","embeddable":true,"href":"https:\/\/new.guerir.ch\/index.php?rest_route=%2Fwp%2Fv2%2Ftags&post=1025"}],"curies":[{"name":"wp","href":"https:\/\/api.w.org\/{rel}","templated":true}]}}