{"id":1233,"date":"2024-04-29T14:22:03","date_gmt":"2024-04-29T12:22:03","guid":{"rendered":"https:\/\/www.guerir.ch\/?p=1233"},"modified":"2024-04-29T14:22:05","modified_gmt":"2024-04-29T12:22:05","slug":"travail-sur-les-organes-interne-le-cerveau","status":"publish","type":"post","link":"https:\/\/new.guerir.ch\/?p=1233","title":{"rendered":"Travail sur les organes interne : LE CERVEAU"},"content":{"rendered":"\n<p class=\"wp-block-paragraph\"><strong>Dur\u00e9e<\/strong>: 1 jour, 9h-18h.<\/p>\n\n\n\n<p class=\"wp-block-paragraph\"><strong>Lieu<\/strong>: mon cabinet.<\/p>\n\n\n\n<p class=\"wp-block-paragraph\"><strong>Prix du cours<\/strong>: CHF 200.-  repas non inclus.<\/p>\n\n\n\n<p class=\"wp-block-paragraph\"><strong>Pr\u00e9-requis<\/strong>:\u00a0cours de deuxi\u00e8me cycle, cours Travail sur les organes internes et intelligence et apprentissage requis.<\/p>\n\n\n\n<p class=\"wp-block-paragraph\"><strong>Prochaines dates<\/strong>:&nbsp;<strong><a href=\"http:\/\/www.guerir.ch\/calendrier\/\">voir&nbsp;calendrier<\/a><\/strong><\/p>\n\n\n\n<p class=\"wp-block-paragraph\">Vous apprendrez dans ce cours \u00e0 \u00e9tudier, analyser, ressentir et comprendre le cerveau avec votre conscience.<\/p>\n\n\n\n<p class=\"wp-block-paragraph\">Nous parlerons des fonctions c\u00e9r\u00e9brales, de l&rsquo;interaction entre notre cerveau et notre corps et entre notre cerveau et notre \u00e2me. Comment notre \u00e2me influence-t-elle le cerveau? Comment celui-ci r\u00e9siste-t-il? Quelles sont les causes de ses dysfonctionnement.<\/p>\n\n\n\n<p class=\"wp-block-paragraph\">Quelles sont les causes des probl\u00e8mes de m\u00e9moire, de distraction, de blocage et de sabotage? Comment faire pour avoir un cerveau pleinement fonctionnel? Comment faire pour installer son plein potentiel et activer son intelligence et sa conscience?<\/p>\n\n\n\n<p class=\"wp-block-paragraph\">Avec les corrections d\u00e9j\u00e0 obtenues dans les cours travail sur les organes internes et intelligence apprentissage nous verrons comment apaiser et gu\u00e9rir le cerveau et comment le potentialiser. <\/p>\n","protected":false},"excerpt":{"rendered":"<p>Dur\u00e9e: 1 jour, 9h-18h. Lieu: mon cabinet. Prix du cours: CHF 200.- repas non inclus. Pr\u00e9-requis:\u00a0cours de deuxi\u00e8me cycle, cours Travail sur les organes internes et intelligence et apprentissage requis. Prochaines dates:&nbsp;voir&nbsp;calendrier Vous apprendrez dans ce cours \u00e0 \u00e9tudier, analyser, ressentir et comprendre le cerveau avec votre conscience. Nous parlerons des fonctions c\u00e9r\u00e9brales, de l&rsquo;interaction&#8230;<\/p>\n","protected":false},"author":1,"featured_media":0,"comment_status":"closed","ping_status":"open","sticky":false,"template":"","format":"aside","meta":{"_kad_post_transparent":"","_kad_post_title":"","_kad_post_layout":"","_kad_post_sidebar_id":"","_kad_post_content_style":"","_kad_post_vertical_padding":"","_kad_post_feature":"","_kad_post_feature_position":"","_kad_post_header":false,"_kad_post_footer":false,"_kad_post_classname":"","footnotes":""},"categories":[18],"tags":[44,422,48,47,43,66],"class_list":["post-1233","post","type-post","status-publish","format-aside","hentry","category-cours-individuels","tag-apprentissage","tag-cerveau","tag-coordination","tag-dyslexie","tag-intelligence","tag-organes","post_format-post-format-aside"],"_links":{"self":[{"href":"https:\/\/new.guerir.ch\/index.php?rest_route=\/wp\/v2\/posts\/1233","targetHints":{"allow":["GET"]}}],"collection":[{"href":"https:\/\/new.guerir.ch\/index.php?rest_route=\/wp\/v2\/posts"}],"about":[{"href":"https:\/\/new.guerir.ch\/index.php?rest_route=\/wp\/v2\/types\/post"}],"author":[{"embeddable":true,"href":"https:\/\/new.guerir.ch\/index.php?rest_route=\/wp\/v2\/users\/1"}],"replies":[{"embeddable":true,"href":"https:\/\/new.guerir.ch\/index.php?rest_route=%2Fwp%2Fv2%2Fcomments&post=1233"}],"version-history":[{"count":1,"href":"https:\/\/new.guerir.ch\/index.php?rest_route=\/wp\/v2\/posts\/1233\/revisions"}],"predecessor-version":[{"id":1234,"href":"https:\/\/new.guerir.ch\/index.php?rest_route=\/wp\/v2\/posts\/1233\/revisions\/1234"}],"wp:attachment":[{"href":"https:\/\/new.guerir.ch\/index.php?rest_route=%2Fwp%2Fv2%2Fmedia&parent=1233"}],"wp:term":[{"taxonomy":"category","embeddable":true,"href":"https:\/\/new.guerir.ch\/index.php?rest_route=%2Fwp%2Fv2%2Fcategories&post=1233"},{"taxonomy":"post_tag","embeddable":true,"href":"https:\/\/new.guerir.ch\/index.php?rest_route=%2Fwp%2Fv2%2Ftags&post=1233"}],"curies":[{"name":"wp","href":"https:\/\/api.w.org\/{rel}","templated":true}]}}