{"id":1235,"date":"2024-04-29T14:29:29","date_gmt":"2024-04-29T12:29:29","guid":{"rendered":"https:\/\/www.guerir.ch\/?p=1235"},"modified":"2024-04-29T14:29:30","modified_gmt":"2024-04-29T12:29:30","slug":"chakra-2-et-les-11-valeurs","status":"publish","type":"post","link":"https:\/\/new.guerir.ch\/?p=1235","title":{"rendered":"Chakra 2 et les 11 valeurs"},"content":{"rendered":"\n<p class=\"wp-block-paragraph\"><strong>Dur\u00e9e<\/strong>: 1 jour, 9h-18h.<\/p>\n\n\n\n<p class=\"wp-block-paragraph\"><strong>Lieu<\/strong>: mon cabinet.<\/p>\n\n\n\n<p class=\"wp-block-paragraph\"><strong>Prix du cours<\/strong>: CHF 200.- , repas non inclus.<\/p>\n\n\n\n<p class=\"wp-block-paragraph\"><strong>Pr\u00e9-requis<\/strong>:\u00a0avoir fait mon cours chakra 1 et 2 d&rsquo;avant 2020 ou avoir fait le cours en ligne : Chakras.<\/p>\n\n\n\n<p class=\"wp-block-paragraph\"><strong>Prochaines dates<\/strong>:&nbsp;<strong><a href=\"http:\/\/www.guerir.ch\/calendrier\/\">voir&nbsp;calendrier<\/a><\/strong><\/p>\n\n\n\n<p class=\"wp-block-paragraph\">Cours d&rsquo;approfondissement des chakras pour les \u00e9l\u00e8ves avanc\u00e9s.<\/p>\n\n\n\n<p class=\"wp-block-paragraph\">Vous y apprendrez comment corr\u00e9ler les 11 valeurs \u00e0 nos chakras et comment potentialiser ceux-ci pour canaliser ces \u00e9nergies. Vous y verrez comment nos chakras peuvent, en tant que moteur, aussi bien cr\u00e9er des probl\u00e8mes que des solutions, des souffrances que des gu\u00e9risons. A travers les constellations, vous apprendrez \u00e0 conna\u00eetre vos chakras d&rsquo;une mani\u00e8re unique et vous pourrez comprendre toute la richesse de nos existences.<\/p>\n\n\n\n<p class=\"wp-block-paragraph\">Pour ceux qui veulent apprendre la transcendance, l&rsquo;\u00e9l\u00e9vation.<\/p>\n","protected":false},"excerpt":{"rendered":"<p>Dur\u00e9e: 1 jour, 9h-18h. Lieu: mon cabinet. Prix du cours: CHF 200.- , repas non inclus. Pr\u00e9-requis:\u00a0avoir fait mon cours chakra 1 et 2 d&rsquo;avant 2020 ou avoir fait le cours en ligne : Chakras. Prochaines dates:&nbsp;voir&nbsp;calendrier Cours d&rsquo;approfondissement des chakras pour les \u00e9l\u00e8ves avanc\u00e9s. Vous y apprendrez comment corr\u00e9ler les 11 valeurs \u00e0 nos&#8230;<\/p>\n","protected":false},"author":1,"featured_media":0,"comment_status":"closed","ping_status":"open","sticky":false,"template":"","format":"aside","meta":{"_kad_post_transparent":"","_kad_post_title":"","_kad_post_layout":"","_kad_post_sidebar_id":"","_kad_post_content_style":"","_kad_post_vertical_padding":"","_kad_post_feature":"","_kad_post_feature_position":"","_kad_post_header":false,"_kad_post_footer":false,"_kad_post_classname":"","footnotes":""},"categories":[18],"tags":[426,50,423,424,427,425],"class_list":["post-1235","post","type-post","status-publish","format-aside","hentry","category-cours-individuels","tag-11-valeurs","tag-chakras","tag-chakras-2","tag-elevation","tag-moteurs-de-creation","tag-transcendance","post_format-post-format-aside"],"_links":{"self":[{"href":"https:\/\/new.guerir.ch\/index.php?rest_route=\/wp\/v2\/posts\/1235","targetHints":{"allow":["GET"]}}],"collection":[{"href":"https:\/\/new.guerir.ch\/index.php?rest_route=\/wp\/v2\/posts"}],"about":[{"href":"https:\/\/new.guerir.ch\/index.php?rest_route=\/wp\/v2\/types\/post"}],"author":[{"embeddable":true,"href":"https:\/\/new.guerir.ch\/index.php?rest_route=\/wp\/v2\/users\/1"}],"replies":[{"embeddable":true,"href":"https:\/\/new.guerir.ch\/index.php?rest_route=%2Fwp%2Fv2%2Fcomments&post=1235"}],"version-history":[{"count":2,"href":"https:\/\/new.guerir.ch\/index.php?rest_route=\/wp\/v2\/posts\/1235\/revisions"}],"predecessor-version":[{"id":1237,"href":"https:\/\/new.guerir.ch\/index.php?rest_route=\/wp\/v2\/posts\/1235\/revisions\/1237"}],"wp:attachment":[{"href":"https:\/\/new.guerir.ch\/index.php?rest_route=%2Fwp%2Fv2%2Fmedia&parent=1235"}],"wp:term":[{"taxonomy":"category","embeddable":true,"href":"https:\/\/new.guerir.ch\/index.php?rest_route=%2Fwp%2Fv2%2Fcategories&post=1235"},{"taxonomy":"post_tag","embeddable":true,"href":"https:\/\/new.guerir.ch\/index.php?rest_route=%2Fwp%2Fv2%2Ftags&post=1235"}],"curies":[{"name":"wp","href":"https:\/\/api.w.org\/{rel}","templated":true}]}}