{"id":130,"date":"2012-08-17T23:02:33","date_gmt":"2012-08-17T21:02:33","guid":{"rendered":"http:\/\/www.guerir.ch\/wordpress\/?p=130"},"modified":"2026-09-06T00:10:40","modified_gmt":"2026-09-05T22:10:40","slug":"expression-therapeutique","status":"publish","type":"post","link":"https:\/\/new.guerir.ch\/?p=130","title":{"rendered":"Expression th\u00e9rapeutique"},"content":{"rendered":"\n<div class=\"wp-block-group informations-pratiques-kad has-border-color has-background\" style=\"border-color:#E7DFCF;border-width:1px;border-radius:4px;background-color:#F5EEE1;margin-bottom:28px;padding:22px 26px\"><div class=\"wp-block-group__inner-container is-layout-constrained wp-container-core-group-is-layout-e51df799 wp-block-group-is-layout-constrained\">\n\n<p class=\"wp-block-paragraph\" style=\"color:#3F4046;margin-top:0;margin-bottom:0.5rem;font-size:15px;line-height:1.5\"><span style=\"display:inline-block;min-width:170px;padding-right:12px;vertical-align:top;color:#8C8579;font-size:12px;letter-spacing:0.09em;text-transform:uppercase;font-weight:600\">Dur\u00e9e<\/span>1 jour (9h-18h)<\/p>\n\n<p class=\"wp-block-paragraph\" style=\"color:#3F4046;margin-top:0;margin-bottom:0.5rem;font-size:15px;line-height:1.5\"><span style=\"display:inline-block;min-width:170px;padding-right:12px;vertical-align:top;color:#8C8579;font-size:12px;letter-spacing:0.09em;text-transform:uppercase;font-weight:600\">Lieu<\/span>\u00e0 mon cabinet<\/p>\n\n<p class=\"wp-block-paragraph\" style=\"color:#3F4046;margin-top:0;margin-bottom:0.5rem;font-size:15px;line-height:1.5\"><span style=\"display:inline-block;min-width:170px;padding-right:12px;vertical-align:top;color:#8C8579;font-size:12px;letter-spacing:0.09em;text-transform:uppercase;font-weight:600\">Prix du cours<\/span>Frs 200.- , repas non inclus.<\/p>\n\n<p class=\"wp-block-paragraph\" style=\"color:#3F4046;margin-top:0;margin-bottom:0.5rem;font-size:15px;line-height:1.5\"><span style=\"display:inline-block;min-width:170px;padding-right:12px;vertical-align:top;color:#8C8579;font-size:12px;letter-spacing:0.09em;text-transform:uppercase;font-weight:600\">Pr\u00e9-requis<\/span>Aucun<\/p>\n\n<p class=\"wp-block-paragraph\" style=\"color:#3F4046;margin-top:0;margin-bottom:0.5rem;font-size:15px;line-height:1.5\"><span style=\"display:inline-block;min-width:170px;padding-right:12px;vertical-align:top;color:#8C8579;font-size:12px;letter-spacing:0.09em;text-transform:uppercase;font-weight:600\">Prochaines dates<\/span><strong><a href=\"http:\/\/www.guerir.ch\/calendrier\/\">voir&nbsp;calendrier<\/a><\/strong><\/p>\n<\/div><\/div>\n\n\n<p class=\"wp-block-paragraph\" style=\"color:#3F4046;font-size:17px;line-height:1.72\">Pour pouvoir travailler sur soi il est indispensable de trouver un moyen d\u2019\u00e9valuation. En suivant le cours <a title=\"Structures cr\u00e9atives 1\" href=\"http:\/\/www.guerir.ch\/2012\/08\/structures-creatives-1\/\">structures cr\u00e9atives 1<\/a>, mes \u00e9l\u00e8ves peuvent d\u00e9j\u00e0 d\u00e9couvrir une partie de cette m\u00e9thode.<\/p>\n\n\n<p class=\"wp-block-paragraph\" style=\"color:#3F4046;font-size:17px;line-height:1.72\">Nous allons apprendre \u00e0 utiliser cette m\u00e9thode plus en profondeur. Nous verrons comment on peut \u00e9couter et percevoir ses \u00e9motions, ses pens\u00e9es profondes, ses croyances et comment travailler sur un probl\u00e8me pr\u00e9cis. Mais nous verrons aussi comment on peut \u00ab&nbsp;\u00e9couter&nbsp;\u00bb un organe interne, une fonction corporelle, un os, un muscle ou tout autre partie du corps. Nous verrons comment l\u2019organisme peut d\u00e9velopper des croyances ind\u00e9pendantes et stocker des m\u00e9moires ou des blessures \u00e9motionnelles qui am\u00e8nent une malfonction.<\/p>\n\n\n<p class=\"wp-block-paragraph\" style=\"color:#3F4046;font-size:17px;line-height:1.72\">Nous verrons aussi comment l\u2019expression am\u00e8ne la gu\u00e9rison.<\/p>\n\n\n<p class=\"wp-block-paragraph\" style=\"color:#3F4046;font-size:17px;line-height:1.72\">Pour exp\u00e9rimenter et am\u00e9liorer vos perceptions vous travaillerez sur vous-m\u00eame mais aussi deux par deux, en tandem.<\/p>\n","protected":false},"excerpt":{"rendered":"<p>Dur\u00e9e1 jour (9h-18h) Lieu\u00e0 mon cabinet Prix du coursFrs 200.- , repas non inclus. Pr\u00e9-requisAucun Prochaines datesvoir&nbsp;calendrier Pour pouvoir travailler sur soi il est indispensable de trouver un moyen d\u2019\u00e9valuation. En suivant le cours structures cr\u00e9atives 1, mes \u00e9l\u00e8ves peuvent d\u00e9j\u00e0 d\u00e9couvrir une partie de cette m\u00e9thode. Nous allons apprendre \u00e0 utiliser cette m\u00e9thode plus&#8230;<\/p>\n","protected":false},"author":1,"featured_media":867,"comment_status":"closed","ping_status":"open","sticky":false,"template":"","format":"aside","meta":{"_kad_post_transparent":"","_kad_post_title":"","_kad_post_layout":"","_kad_post_sidebar_id":"","_kad_post_content_style":"","_kad_post_vertical_padding":"","_kad_post_feature":"","_kad_post_feature_position":"","_kad_post_header":false,"_kad_post_footer":false,"_kad_post_classname":"","footnotes":""},"categories":[18],"tags":[254,244,34,60,256,255,253],"class_list":["post-130","post","type-post","status-publish","format-aside","has-post-thumbnail","hentry","category-cours-individuels","tag-connaissance-de-soi","tag-espace-interieur","tag-expression","tag-guerison","tag-guerison-par-la-parole","tag-meilleure-gestion-emotionnelle","tag-therapie","post_format-post-format-aside"],"_links":{"self":[{"href":"https:\/\/new.guerir.ch\/index.php?rest_route=\/wp\/v2\/posts\/130","targetHints":{"allow":["GET"]}}],"collection":[{"href":"https:\/\/new.guerir.ch\/index.php?rest_route=\/wp\/v2\/posts"}],"about":[{"href":"https:\/\/new.guerir.ch\/index.php?rest_route=\/wp\/v2\/types\/post"}],"author":[{"embeddable":true,"href":"https:\/\/new.guerir.ch\/index.php?rest_route=\/wp\/v2\/users\/1"}],"replies":[{"embeddable":true,"href":"https:\/\/new.guerir.ch\/index.php?rest_route=%2Fwp%2Fv2%2Fcomments&post=130"}],"version-history":[{"count":8,"href":"https:\/\/new.guerir.ch\/index.php?rest_route=\/wp\/v2\/posts\/130\/revisions"}],"predecessor-version":[{"id":4493,"href":"https:\/\/new.guerir.ch\/index.php?rest_route=\/wp\/v2\/posts\/130\/revisions\/4493"}],"wp:featuredmedia":[{"embeddable":true,"href":"https:\/\/new.guerir.ch\/index.php?rest_route=\/wp\/v2\/media\/867"}],"wp:attachment":[{"href":"https:\/\/new.guerir.ch\/index.php?rest_route=%2Fwp%2Fv2%2Fmedia&parent=130"}],"wp:term":[{"taxonomy":"category","embeddable":true,"href":"https:\/\/new.guerir.ch\/index.php?rest_route=%2Fwp%2Fv2%2Fcategories&post=130"},{"taxonomy":"post_tag","embeddable":true,"href":"https:\/\/new.guerir.ch\/index.php?rest_route=%2Fwp%2Fv2%2Ftags&post=130"}],"curies":[{"name":"wp","href":"https:\/\/api.w.org\/{rel}","templated":true}]}}