{"id":132,"date":"2012-08-17T23:07:51","date_gmt":"2012-08-17T21:07:51","guid":{"rendered":"http:\/\/www.guerir.ch\/wordpress\/?p=132"},"modified":"2026-09-06T00:10:37","modified_gmt":"2026-09-05T22:10:37","slug":"calme-emotionnel","status":"publish","type":"post","link":"https:\/\/new.guerir.ch\/?p=132","title":{"rendered":"Calme \u00e9motionnel"},"content":{"rendered":"\n<div class=\"wp-block-group informations-pratiques-kad has-border-color has-background\" style=\"border-color:#E7DFCF;border-width:1px;border-radius:4px;background-color:#F5EEE1;margin-bottom:28px;padding:22px 26px\"><div class=\"wp-block-group__inner-container is-layout-constrained wp-container-core-group-is-layout-e51df799 wp-block-group-is-layout-constrained\">\n\n<p class=\"wp-block-paragraph\" style=\"color:#3F4046;margin-top:0;margin-bottom:0.5rem;font-size:15px;line-height:1.5\"><span style=\"display:inline-block;min-width:170px;padding-right:12px;vertical-align:top;color:#8C8579;font-size:12px;letter-spacing:0.09em;text-transform:uppercase;font-weight:600\">Dur\u00e9e<\/span>1 jour (9h-18h)<\/p>\n\n<p class=\"wp-block-paragraph\" style=\"color:#3F4046;margin-top:0;margin-bottom:0.5rem;font-size:15px;line-height:1.5\"><span style=\"display:inline-block;min-width:170px;padding-right:12px;vertical-align:top;color:#8C8579;font-size:12px;letter-spacing:0.09em;text-transform:uppercase;font-weight:600\">Lieu<\/span>\u00e0 mon cabinet<\/p>\n\n<p class=\"wp-block-paragraph\" style=\"color:#3F4046;margin-top:0;margin-bottom:0.5rem;font-size:15px;line-height:1.5\"><span style=\"display:inline-block;min-width:170px;padding-right:12px;vertical-align:top;color:#8C8579;font-size:12px;letter-spacing:0.09em;text-transform:uppercase;font-weight:600\">Prix du cours<\/span>Frs 200.- , repas non inclus.<\/p>\n\n<p class=\"wp-block-paragraph\" style=\"color:#3F4046;margin-top:0;margin-bottom:0.5rem;font-size:15px;line-height:1.5\"><span style=\"display:inline-block;min-width:170px;padding-right:12px;vertical-align:top;color:#8C8579;font-size:12px;letter-spacing:0.09em;text-transform:uppercase;font-weight:600\">Pr\u00e9-requis<\/span>Principes de gu\u00e9rison<\/p>\n\n<p class=\"wp-block-paragraph\" style=\"color:#3F4046;margin-top:0;margin-bottom:0.5rem;font-size:15px;line-height:1.5\"><span style=\"display:inline-block;min-width:170px;padding-right:12px;vertical-align:top;color:#8C8579;font-size:12px;letter-spacing:0.09em;text-transform:uppercase;font-weight:600\">Prochaines dates<\/span><strong><a href=\"http:\/\/www.guerir.ch\/calendrier\/\">voir&nbsp;calendrier<\/a><\/strong><\/p>\n<\/div><\/div>\n\n\n<p class=\"wp-block-paragraph\" style=\"color:#3F4046;font-size:17px;line-height:1.72\">Le travail sur ses \u00e9motions est un travail fondamental. Fondamental pour gu\u00e9rir, pour \u00eatre en paix avec soi-m\u00eame, pour \u00eatre conscient, pour pouvoir se d\u00e9tacher des blessures de notre soci\u00e9t\u00e9, pour atteindre le calme dans votre esprit.<\/p>\n\n\n<p class=\"wp-block-paragraph\" style=\"color:#3F4046;font-size:17px;line-height:1.72\">Ce cours vous donnera les moyens d\u2019y arriver. Mais plus que tout, ce cours est un moment de transformation et de courage, un moment o\u00f9 vous pourrez vous d\u00e9couvrir plus et vous conna\u00eetre mieux. Pour se faire, il faudra plonger dans votre pass\u00e9 et nettoyer vos plaies, vos blessures et les panser. Le travail pourra se faire aussi bien sur le pr\u00e9sent que sur le pass\u00e9. Il vous aidera \u00e0 changer votre vie \u00e9motionnelle en profondeur: blessures, h\u00e9ritages, \u00e9ducation et conditionnement. Tout sera abord\u00e9. Le plus important est que vous compreniez que ce cours vise \u00e0 vous redonner la libert\u00e9 d\u2019\u00eatre vous-m\u00eame, pas \u00e0 limiter votre passion, votre joie ou votre amour.<\/p>\n\n\n<p class=\"wp-block-paragraph\" style=\"color:#3F4046;font-size:17px;line-height:1.72\">Notre soci\u00e9t\u00e9 est paradoxale. Elle incite \u00e0 l\u2019\u00e9motion, \u00e0 la violence, \u00e0 l\u2019intensit\u00e9 et d\u2019un autre c\u00f4t\u00e9, elle vous reproche de pleurer en public, de vous l\u00e2cher au travail et de parler de vos blessures et de vos secrets. Soyez \u00e9motionnels mais restez retenu. Ca n\u2019a aucun sens. J\u2019aimerais vous proposer une autre voie, celle du respect de soi, respect de vos \u00e9motions mais aussi ma\u00eetrise de votre aspect \u00e9motionnel et gu\u00e9rison de vos blessures.<\/p>\n\n\n<p class=\"wp-block-paragraph\" style=\"color:#3F4046;font-size:17px;line-height:1.72\">Nous parlerons aussi dans ce cours des 5 blessures (rejet, injustice, abandon, trahison, humiliation), bien expliqu\u00e9es par Lise Bourbeau dans son livre \u00ab&nbsp;les 5 blessures qui emp\u00eachent d\u2019\u00eatre soi m\u00eame&nbsp;\u00bb et que je vous conseille, si possible, de lire avant de faire le cours. Mais nous parlerons aussi du jugement, de la punition, du sacrifice, de l\u2019\u00e9tat de victime, des sabotages\u2026<\/p>\n\n\n<p class=\"wp-block-paragraph\" style=\"color:#3F4046;font-size:17px;line-height:1.72\">Je me r\u00e9jouis de vous retrouver \u00e0 ce cours qui, je l\u2019esp\u00e8re, vous am\u00e8nera \u00e0 vous accepter totalement.<\/p>\n","protected":false},"excerpt":{"rendered":"<p>Dur\u00e9e1 jour (9h-18h) Lieu\u00e0 mon cabinet Prix du coursFrs 200.- , repas non inclus. Pr\u00e9-requisPrincipes de gu\u00e9rison Prochaines datesvoir&nbsp;calendrier Le travail sur ses \u00e9motions est un travail fondamental. Fondamental pour gu\u00e9rir, pour \u00eatre en paix avec soi-m\u00eame, pour \u00eatre conscient, pour pouvoir se d\u00e9tacher des blessures de notre soci\u00e9t\u00e9, pour atteindre le calme dans votre&#8230;<\/p>\n","protected":false},"author":1,"featured_media":867,"comment_status":"closed","ping_status":"open","sticky":false,"template":"","format":"aside","meta":{"_kad_post_transparent":"","_kad_post_title":"","_kad_post_layout":"","_kad_post_sidebar_id":"","_kad_post_content_style":"","_kad_post_vertical_padding":"","_kad_post_feature":"","_kad_post_feature_position":"","_kad_post_header":false,"_kad_post_footer":false,"_kad_post_classname":"","footnotes":""},"categories":[18],"tags":[36,243,250,35,244,248,246,241,247,242],"class_list":["post-132","post","type-post","status-publish","format-aside","has-post-thumbnail","hentry","category-cours-individuels","tag-blessures","tag-calme-emotionnel","tag-corps-emotionnel","tag-emotions","tag-espace-interieur","tag-guerison-des-traumatismes-emotionnels","tag-joie-de-vivre","tag-les-5-blessures","tag-liberation-emotionnelle","tag-paix-interieure","post_format-post-format-aside"],"_links":{"self":[{"href":"https:\/\/new.guerir.ch\/index.php?rest_route=\/wp\/v2\/posts\/132","targetHints":{"allow":["GET"]}}],"collection":[{"href":"https:\/\/new.guerir.ch\/index.php?rest_route=\/wp\/v2\/posts"}],"about":[{"href":"https:\/\/new.guerir.ch\/index.php?rest_route=\/wp\/v2\/types\/post"}],"author":[{"embeddable":true,"href":"https:\/\/new.guerir.ch\/index.php?rest_route=\/wp\/v2\/users\/1"}],"replies":[{"embeddable":true,"href":"https:\/\/new.guerir.ch\/index.php?rest_route=%2Fwp%2Fv2%2Fcomments&post=132"}],"version-history":[{"count":10,"href":"https:\/\/new.guerir.ch\/index.php?rest_route=\/wp\/v2\/posts\/132\/revisions"}],"predecessor-version":[{"id":4489,"href":"https:\/\/new.guerir.ch\/index.php?rest_route=\/wp\/v2\/posts\/132\/revisions\/4489"}],"wp:featuredmedia":[{"embeddable":true,"href":"https:\/\/new.guerir.ch\/index.php?rest_route=\/wp\/v2\/media\/867"}],"wp:attachment":[{"href":"https:\/\/new.guerir.ch\/index.php?rest_route=%2Fwp%2Fv2%2Fmedia&parent=132"}],"wp:term":[{"taxonomy":"category","embeddable":true,"href":"https:\/\/new.guerir.ch\/index.php?rest_route=%2Fwp%2Fv2%2Fcategories&post=132"},{"taxonomy":"post_tag","embeddable":true,"href":"https:\/\/new.guerir.ch\/index.php?rest_route=%2Fwp%2Fv2%2Ftags&post=132"}],"curies":[{"name":"wp","href":"https:\/\/api.w.org\/{rel}","templated":true}]}}