{"id":134,"date":"2012-08-17T23:14:15","date_gmt":"2012-08-17T21:14:15","guid":{"rendered":"http:\/\/www.guerir.ch\/wordpress\/?p=134"},"modified":"2026-09-06T00:10:37","modified_gmt":"2026-09-05T22:10:37","slug":"calme-mental","status":"publish","type":"post","link":"https:\/\/new.guerir.ch\/?p=134","title":{"rendered":"Calme mental"},"content":{"rendered":"\n<div class=\"wp-block-group informations-pratiques-kad has-border-color has-background\" style=\"border-color:#E7DFCF;border-width:1px;border-radius:4px;background-color:#F5EEE1;margin-bottom:28px;padding:22px 26px\"><div class=\"wp-block-group__inner-container is-layout-constrained wp-container-core-group-is-layout-e51df799 wp-block-group-is-layout-constrained\">\n\n<p class=\"wp-block-paragraph\" style=\"color:#3F4046;margin-top:0;margin-bottom:0.5rem;font-size:15px;line-height:1.5\"><span style=\"display:inline-block;min-width:170px;padding-right:12px;vertical-align:top;color:#8C8579;font-size:12px;letter-spacing:0.09em;text-transform:uppercase;font-weight:600\">Dur\u00e9e<\/span>1 jour (9h-18h)<\/p>\n\n<p class=\"wp-block-paragraph\" style=\"color:#3F4046;margin-top:0;margin-bottom:0.5rem;font-size:15px;line-height:1.5\"><span style=\"display:inline-block;min-width:170px;padding-right:12px;vertical-align:top;color:#8C8579;font-size:12px;letter-spacing:0.09em;text-transform:uppercase;font-weight:600\">Lieu<\/span>r\u00e9gion riviera.<\/p>\n\n<p class=\"wp-block-paragraph\" style=\"color:#3F4046;margin-top:0;margin-bottom:0.5rem;font-size:15px;line-height:1.5\"><span style=\"display:inline-block;min-width:170px;padding-right:12px;vertical-align:top;color:#8C8579;font-size:12px;letter-spacing:0.09em;text-transform:uppercase;font-weight:600\">Prix du cours<\/span>Frs 200.- , repas non inclus.<\/p>\n\n<p class=\"wp-block-paragraph\" style=\"color:#3F4046;margin-top:0;margin-bottom:0.5rem;font-size:15px;line-height:1.5\"><span style=\"display:inline-block;min-width:170px;padding-right:12px;vertical-align:top;color:#8C8579;font-size:12px;letter-spacing:0.09em;text-transform:uppercase;font-weight:600\">Pr\u00e9-requis<\/span>Principes de gu\u00e9rison ou Structures cr\u00e9atives 1 et Structures cr\u00e9atives 2 ou aucun en format stage si mentionn\u00e9 ainsi.<\/p>\n\n<p class=\"wp-block-paragraph\" style=\"color:#3F4046;margin-top:0;margin-bottom:0.5rem;font-size:15px;line-height:1.5\"><span style=\"display:inline-block;min-width:170px;padding-right:12px;vertical-align:top;color:#8C8579;font-size:12px;letter-spacing:0.09em;text-transform:uppercase;font-weight:600\">Prochaines dates<\/span><strong><a href=\"http:\/\/www.guerir.ch\/calendrier\/\">voir&nbsp;calendrier<\/a><\/strong><\/p>\n<\/div><\/div>\n\n\n<p class=\"wp-block-paragraph\" style=\"color:#3F4046;font-size:17px;line-height:1.72\">Avez-vous d\u00e9j\u00e0 r\u00e9ussi \u00e0 ne pas penser pendant 1 minute? Faites le test. Y arrivez-vous? Sans images, sans concepts, sans r\u00e9flexion, sans rem\u00e9morations. Est-ce possible selon vous?<\/p>\n\n\n<p class=\"wp-block-paragraph\" style=\"color:#3F4046;font-size:17px;line-height:1.72\">Ce test vous permettra de comprendre \u00e0 quel point nous sommes asservis \u00e0 notre mental. Soumis \u00e0 son influence. Dans les faits, malgr\u00e9 ce que vous croyez, vous ne vous ma\u00eetrisez pas totalement. Une part de vous, mentale, \u00e9chappe \u00e0 votre contr\u00f4le: c\u2019est votre esprit.<\/p>\n\n\n<p class=\"wp-block-paragraph\" style=\"color:#3F4046;font-size:17px;line-height:1.72\">Nous allons donc travailler sur cet esprit, cet \u00ab&nbsp;ego mental&nbsp;\u00bb qui tourbillonne sans cesse et nous emp\u00eache de nous reposer, de nous d\u00e9tendre, de m\u00e9diter et qui occulte notre intuition et notre conscience.<\/p>\n\n\n<p class=\"wp-block-paragraph\" style=\"color:#3F4046;font-size:17px;line-height:1.72\">Une fois qu\u2019un certain l\u00e2cher prise se sera install\u00e9, vous pourrez utiliser plus intens\u00e9ment votre intuition et vous faire confiance. Vous serez plus en phase avec vous-m\u00eame. Vous pourrez d\u00e9crocher de votre journ\u00e9e de travail plus facilement et l\u00e2cher vos probl\u00e8mes.<\/p>\n\n\n<p class=\"wp-block-paragraph\" style=\"color:#3F4046;font-size:17px;line-height:1.72\">A l\u2019issue de ce cours, vos facult\u00e9s mentales devraient \u00eatre plus ac\u00e9r\u00e9es et le \u00ab&nbsp;v\u00e9lo&nbsp;\u00bb dans votre t\u00eate devrait cesser de faire parler de lui.<\/p>\n\n\n<p class=\"wp-block-paragraph\" style=\"color:#3F4046;font-size:17px;line-height:1.72\">Si votre monde \u00e9motionnel est trop bouillonnant, il sera difficile d\u2019avoir l\u2019esprit clair et pos\u00e9. Le calme \u00e9motionnel est essentiel pour pouvoir obtenir le calme mental. C\u2019est pourquoi je vous conseille de faire aussi le cours&nbsp;<a title=\"Calme \u00e9motionnel\" href=\"http:\/\/www.guerir.ch\/?p=132\">calme \u00e9motionnel<\/a>&nbsp;pour \u00eatre pleinement en contr\u00f4le de vous-m\u00eame et en paix.<\/p>\n","protected":false},"excerpt":{"rendered":"<p>Dur\u00e9e1 jour (9h-18h) Lieur\u00e9gion riviera. Prix du coursFrs 200.- , repas non inclus. Pr\u00e9-requisPrincipes de gu\u00e9rison ou Structures cr\u00e9atives 1 et Structures cr\u00e9atives 2 ou aucun en format stage si mentionn\u00e9 ainsi. Prochaines datesvoir&nbsp;calendrier Avez-vous d\u00e9j\u00e0 r\u00e9ussi \u00e0 ne pas penser pendant 1 minute? Faites le test. Y arrivez-vous? Sans images, sans concepts, sans r\u00e9flexion,&#8230;<\/p>\n","protected":false},"author":1,"featured_media":867,"comment_status":"closed","ping_status":"open","sticky":false,"template":"","format":"aside","meta":{"_kad_post_transparent":"","_kad_post_title":"","_kad_post_layout":"","_kad_post_sidebar_id":"","_kad_post_content_style":"","_kad_post_vertical_padding":"","_kad_post_feature":"","_kad_post_feature_position":"","_kad_post_header":false,"_kad_post_footer":false,"_kad_post_classname":"","footnotes":""},"categories":[18],"tags":[238,239,251,39,38,43,252,37,240],"class_list":["post-134","post","type-post","status-publish","format-aside","has-post-thumbnail","hentry","category-cours-individuels","tag-calme-mental","tag-concentration","tag-corps-mental","tag-ego","tag-esprit","tag-intelligence","tag-liberation-mentale","tag-mental","tag-moment-present","post_format-post-format-aside"],"_links":{"self":[{"href":"https:\/\/new.guerir.ch\/index.php?rest_route=\/wp\/v2\/posts\/134","targetHints":{"allow":["GET"]}}],"collection":[{"href":"https:\/\/new.guerir.ch\/index.php?rest_route=\/wp\/v2\/posts"}],"about":[{"href":"https:\/\/new.guerir.ch\/index.php?rest_route=\/wp\/v2\/types\/post"}],"author":[{"embeddable":true,"href":"https:\/\/new.guerir.ch\/index.php?rest_route=\/wp\/v2\/users\/1"}],"replies":[{"embeddable":true,"href":"https:\/\/new.guerir.ch\/index.php?rest_route=%2Fwp%2Fv2%2Fcomments&post=134"}],"version-history":[{"count":12,"href":"https:\/\/new.guerir.ch\/index.php?rest_route=\/wp\/v2\/posts\/134\/revisions"}],"predecessor-version":[{"id":4490,"href":"https:\/\/new.guerir.ch\/index.php?rest_route=\/wp\/v2\/posts\/134\/revisions\/4490"}],"wp:featuredmedia":[{"embeddable":true,"href":"https:\/\/new.guerir.ch\/index.php?rest_route=\/wp\/v2\/media\/867"}],"wp:attachment":[{"href":"https:\/\/new.guerir.ch\/index.php?rest_route=%2Fwp%2Fv2%2Fmedia&parent=134"}],"wp:term":[{"taxonomy":"category","embeddable":true,"href":"https:\/\/new.guerir.ch\/index.php?rest_route=%2Fwp%2Fv2%2Fcategories&post=134"},{"taxonomy":"post_tag","embeddable":true,"href":"https:\/\/new.guerir.ch\/index.php?rest_route=%2Fwp%2Fv2%2Ftags&post=134"}],"curies":[{"name":"wp","href":"https:\/\/api.w.org\/{rel}","templated":true}]}}