{"id":1358,"date":"2025-03-27T21:48:12","date_gmt":"2025-03-27T20:48:12","guid":{"rendered":"https:\/\/www.guerir.ch\/?p=1358"},"modified":"2026-09-06T00:10:39","modified_gmt":"2026-09-05T22:10:39","slug":"accueillir-et-discuter-avec-son-inconscient","status":"publish","type":"post","link":"https:\/\/new.guerir.ch\/?p=1358","title":{"rendered":"Dialoguer avec son inconscient pour comprendre enfin qui on est et retrouver le contr\u00f4le de sa vie"},"content":{"rendered":"\n<div class=\"wp-block-group informations-pratiques-kad has-border-color has-background\" style=\"border-color:#E7DFCF;border-width:1px;border-radius:4px;background-color:#F5EEE1;margin-bottom:28px;padding:22px 26px\"><div class=\"wp-block-group__inner-container is-layout-constrained wp-container-core-group-is-layout-e51df799 wp-block-group-is-layout-constrained\">\n\n<p class=\"wp-block-paragraph\" style=\"color:#3F4046;margin-top:0;margin-bottom:0.5rem;font-size:15px;line-height:1.5\"><span style=\"display:inline-block;min-width:170px;padding-right:12px;vertical-align:top;color:#8C8579;font-size:12px;letter-spacing:0.09em;text-transform:uppercase;font-weight:600\">Dur\u00e9e<\/span>1 jour, 9h-18h.<\/p>\n\n<p class=\"wp-block-paragraph\" style=\"color:#3F4046;margin-top:0;margin-bottom:0.5rem;font-size:15px;line-height:1.5\"><span style=\"display:inline-block;min-width:170px;padding-right:12px;vertical-align:top;color:#8C8579;font-size:12px;letter-spacing:0.09em;text-transform:uppercase;font-weight:600\">Lieu<\/span>mon cabinet ou selon informations dans le calendrier<\/p>\n\n<p class=\"wp-block-paragraph\" style=\"color:#3F4046;margin-top:0;margin-bottom:0.5rem;font-size:15px;line-height:1.5\"><span style=\"display:inline-block;min-width:170px;padding-right:12px;vertical-align:top;color:#8C8579;font-size:12px;letter-spacing:0.09em;text-transform:uppercase;font-weight:600\">Prix du cours<\/span>CHF 200.-, repas non inclus.<\/p>\n\n<p class=\"wp-block-paragraph\" style=\"color:#3F4046;margin-top:0;margin-bottom:0.5rem;font-size:15px;line-height:1.5\"><span style=\"display:inline-block;min-width:170px;padding-right:12px;vertical-align:top;color:#8C8579;font-size:12px;letter-spacing:0.09em;text-transform:uppercase;font-weight:600\">Pr\u00e9requis<\/span>Un stage ouvert \u00e0 tous<\/p>\n\n<p class=\"wp-block-paragraph\" style=\"color:#3F4046;margin-top:0;margin-bottom:0.5rem;font-size:15px;line-height:1.5\"><span style=\"display:inline-block;min-width:170px;padding-right:12px;vertical-align:top;color:#8C8579;font-size:12px;letter-spacing:0.09em;text-transform:uppercase;font-weight:600\">Prochaines dates<\/span><strong><a href=\"http:\/\/www.guerir.ch\/calendrier\/\">voir&nbsp;calendrier<\/a><\/strong><\/p>\n<\/div><\/div>\n\n\n<p class=\"wp-block-paragraph\" style=\"color:#3F4046;font-size:17px;line-height:1.72\">Ce stage vous permettra d\u2019entrer en contact avec son inconscient, d\u2019identifier son influence et sa pr\u00e9sence gr\u00e2ce \u00e0 vos sensations, de dialoguer avec lui, de savoir ce qu\u2019il a besoin, ce qu\u2019il d\u00e9sire et comment il est bless\u00e9.<br>De ce dialogue profond peuvent \u00e9merger de nombreuses choses : clairvoyance, amour de soi, compr\u00e9hension de ses blocages et difficult\u00e9, solution \u00e0 ses probl\u00e8mes, reconnexion \u00e0 soi, sensation de b\u00e9atitude et d\u2019unit\u00e9.<\/p>\n\n\n<p class=\"wp-block-paragraph\" style=\"color:#3F4046;font-size:17px;line-height:1.72\">L\u2019Inconscient, mot qui nous vient de Freud, d\u00e9crit un \u00e9tat ou un aspect de nous qui n\u2019est pas conscient. Soit nous n\u2019en sommes pas conscient, soit cette part de nous n\u2019est pas consciente d\u2019elle-m\u00eame. Les enfants sont une bonne repr\u00e9sentation de l\u2019\u00e9tat d\u2019inconscience.<\/p>\n\n\n<p class=\"wp-block-paragraph\" style=\"color:#3F4046;font-size:17px;line-height:1.72\">Mais notre inconscient est aussi une force redoutable. Une force primaire de cr\u00e9ation qui va nous amener, vie apr\u00e8s vie \u00e0 une r\u00e9alisation du Soi. La chance, la destin\u00e9e, les obstacles, les sabotages, les prouesses, les dons, les capacit\u00e9s, tout est contenu dans notre inconscient.<\/p>\n\n\n<p class=\"wp-block-paragraph\" style=\"color:#3F4046;font-size:17px;line-height:1.72\">Il est donc vital de comprendre notre inconscient, de conna\u00eetre cette force primaire de cr\u00e9ation. Dans ce cours, vous apprendrez \u00e0 ECOUTER votre inconscient, \u00e0 DIALOGUER avec lui et vous pourrez aussi lui proposer des corrections.<\/p>\n\n\n<p class=\"wp-block-paragraph\" style=\"color:#3F4046;font-size:17px;line-height:1.72\">Je vous montrerai comment activer votre inconscient pour OBTENIR CE QUE VOUS VOULEZ DE LA VIE.<\/p>\n\n\n<p class=\"wp-block-paragraph\" style=\"color:#3F4046;font-size:17px;line-height:1.72\">Exemples de r\u00e9sistances de l\u2019inconscient : je veux arr\u00eater de fumer (consciemment) mais je n\u2019arrive pas, je craque tout le temps (inconscient). Tous les \u00ab&nbsp;je n\u2019arrive pas&nbsp;\u00bb sont en g\u00e9n\u00e9ral li\u00e9s \u00e0 l\u2019inconscient et \u00e0 ses r\u00e9sistances.<\/p>\n\n\n<p class=\"wp-block-paragraph\" style=\"color:#3F4046;font-size:17px;line-height:1.72\">Exemples de l\u2019efficacit\u00e9 de notre inconscient : je pense \u00e0 une amie et elle m\u2019appelle, je rencontre par hasard l\u2019amour de ma vie en vacances et il habite dans la m\u00eame ville que moi,<\/p>\n\n\n<p class=\"wp-block-paragraph\" style=\"color:#3F4046;font-size:17px;line-height:1.72\">Notre inconscient reste inconscient tant que notre conscience l\u2019exclu de sa r\u00e9alit\u00e9, quand elle croit qu\u2019il n\u2019existe pas, qu\u2019il n\u2019est pas important ou qu\u2019il devrait simplement ob\u00e9ir \u00e0 ce que vous voulez. Or l\u2019inconscient n\u2019est pas un petit chien docile, il veut des choses, il a de la puissance, il veut un certain type de vie et il le fait parfois savoir. Plus vous \u00e9crasez votre inconscient avec vos croyances, vos \u00e9gos ou m\u00eame votre conscience, plus il va se rebeller et faire arriver des choses nocives. Mais au fond, l\u2019inconscient est positif, il faut juste lui donner la possibilit\u00e9 d\u2019exister et de se r\u00e9v\u00e9ler.<\/p>\n\n\n<p class=\"wp-block-paragraph\" style=\"color:#3F4046;font-size:17px;line-height:1.72\">Au programme, introspection, corrections selon ma m\u00e9thode, lib\u00e9ration \u00e9motionnelle et corporelle, prises de conscience, jeu de r\u00f4le et dialogue avec votre inconscient, et potentiellement hypnose ou transe guid\u00e9e.<\/p>\n\n\n<p class=\"wp-block-paragraph\" style=\"color:#3F4046;font-size:17px;line-height:1.72\">Prendre un tapis de sol et un coussin. Prendre feuilles et crayons de couleurs.<\/p>\n","protected":false},"excerpt":{"rendered":"<p>Dur\u00e9e1 jour, 9h-18h. Lieumon cabinet ou selon informations dans le calendrier Prix du coursCHF 200.-, repas non inclus. Pr\u00e9requisUn stage ouvert \u00e0 tous Prochaines datesvoir&nbsp;calendrier Ce stage vous permettra d\u2019entrer en contact avec son inconscient, d\u2019identifier son influence et sa pr\u00e9sence gr\u00e2ce \u00e0 vos sensations, de dialoguer avec lui, de savoir ce qu\u2019il a besoin,&#8230;<\/p>\n","protected":false},"author":1,"featured_media":867,"comment_status":"closed","ping_status":"open","sticky":false,"template":"","format":"aside","meta":{"_kad_post_transparent":"","_kad_post_title":"","_kad_post_layout":"","_kad_post_sidebar_id":"","_kad_post_content_style":"","_kad_post_vertical_padding":"","_kad_post_feature":"","_kad_post_feature_position":"","_kad_post_header":false,"_kad_post_footer":false,"_kad_post_classname":"","footnotes":""},"categories":[1],"tags":[],"class_list":["post-1358","post","type-post","status-publish","format-aside","has-post-thumbnail","hentry","category-non-classe","post_format-post-format-aside"],"_links":{"self":[{"href":"https:\/\/new.guerir.ch\/index.php?rest_route=\/wp\/v2\/posts\/1358","targetHints":{"allow":["GET"]}}],"collection":[{"href":"https:\/\/new.guerir.ch\/index.php?rest_route=\/wp\/v2\/posts"}],"about":[{"href":"https:\/\/new.guerir.ch\/index.php?rest_route=\/wp\/v2\/types\/post"}],"author":[{"embeddable":true,"href":"https:\/\/new.guerir.ch\/index.php?rest_route=\/wp\/v2\/users\/1"}],"replies":[{"embeddable":true,"href":"https:\/\/new.guerir.ch\/index.php?rest_route=%2Fwp%2Fv2%2Fcomments&post=1358"}],"version-history":[{"count":5,"href":"https:\/\/new.guerir.ch\/index.php?rest_route=\/wp\/v2\/posts\/1358\/revisions"}],"predecessor-version":[{"id":4492,"href":"https:\/\/new.guerir.ch\/index.php?rest_route=\/wp\/v2\/posts\/1358\/revisions\/4492"}],"wp:featuredmedia":[{"embeddable":true,"href":"https:\/\/new.guerir.ch\/index.php?rest_route=\/wp\/v2\/media\/867"}],"wp:attachment":[{"href":"https:\/\/new.guerir.ch\/index.php?rest_route=%2Fwp%2Fv2%2Fmedia&parent=1358"}],"wp:term":[{"taxonomy":"category","embeddable":true,"href":"https:\/\/new.guerir.ch\/index.php?rest_route=%2Fwp%2Fv2%2Fcategories&post=1358"},{"taxonomy":"post_tag","embeddable":true,"href":"https:\/\/new.guerir.ch\/index.php?rest_route=%2Fwp%2Fv2%2Ftags&post=1358"}],"curies":[{"name":"wp","href":"https:\/\/api.w.org\/{rel}","templated":true}]}}