{"id":143,"date":"2012-08-21T21:23:03","date_gmt":"2012-08-21T19:23:03","guid":{"rendered":"http:\/\/www.guerir.ch\/wordpress\/?p=143"},"modified":"2026-09-06T00:10:36","modified_gmt":"2026-09-05T22:10:36","slug":"ancetres-et-heritages","status":"publish","type":"post","link":"https:\/\/new.guerir.ch\/?p=143","title":{"rendered":"Anc\u00eatres et H\u00e9ritages"},"content":{"rendered":"\n<div class=\"wp-block-group informations-pratiques-kad has-border-color has-background\" style=\"border-color:#E7DFCF;border-width:1px;border-radius:4px;background-color:#F5EEE1;margin-bottom:28px;padding:22px 26px\"><div class=\"wp-block-group__inner-container is-layout-constrained wp-container-core-group-is-layout-e51df799 wp-block-group-is-layout-constrained\">\n\n<p class=\"wp-block-paragraph\" style=\"color:#3F4046;margin-top:0;margin-bottom:0.5rem;font-size:15px;line-height:1.5\"><span style=\"display:inline-block;min-width:170px;padding-right:12px;vertical-align:top;color:#8C8579;font-size:12px;letter-spacing:0.09em;text-transform:uppercase;font-weight:600\">Dur\u00e9e<\/span>3 jours (2 jours \/1 jour), 9h-18h<\/p>\n\n<p class=\"wp-block-paragraph\" style=\"color:#3F4046;margin-top:0;margin-bottom:0.5rem;font-size:15px;line-height:1.5\"><span style=\"display:inline-block;min-width:170px;padding-right:12px;vertical-align:top;color:#8C8579;font-size:12px;letter-spacing:0.09em;text-transform:uppercase;font-weight:600\">Lieu<\/span>A mon cabinet<\/p>\n\n<p class=\"wp-block-paragraph\" style=\"color:#3F4046;margin-top:0;margin-bottom:0.5rem;font-size:15px;line-height:1.5\"><span style=\"display:inline-block;min-width:170px;padding-right:12px;vertical-align:top;color:#8C8579;font-size:12px;letter-spacing:0.09em;text-transform:uppercase;font-weight:600\">Prix du cours<\/span>Frs 600.- pour les 3 jours, repas non inclus.<\/p>\n\n<p class=\"wp-block-paragraph\" style=\"color:#3F4046;margin-top:0;margin-bottom:0.5rem;font-size:15px;line-height:1.5\"><span style=\"display:inline-block;min-width:170px;padding-right:12px;vertical-align:top;color:#8C8579;font-size:12px;letter-spacing:0.09em;text-transform:uppercase;font-weight:600\">Pr\u00e9-requis<\/span>Principe de gu\u00e9rison ou Structures cr\u00e9atives 1 et 2<\/p>\n\n<p class=\"wp-block-paragraph\" style=\"color:#3F4046;margin-top:0;margin-bottom:0.5rem;font-size:15px;line-height:1.5\"><span style=\"display:inline-block;min-width:170px;padding-right:12px;vertical-align:top;color:#8C8579;font-size:12px;letter-spacing:0.09em;text-transform:uppercase;font-weight:600\">Prochaines dates<\/span><strong><a href=\"http:\/\/www.guerir.ch\/calendrier\/\">voir&nbsp;calendrier<\/a><\/strong><\/p>\n<\/div><\/div>\n\n\n<p class=\"wp-block-paragraph\" style=\"color:#3F4046;font-size:17px;line-height:1.72\">Nous n\u2019existerions pas sans nos anc\u00eatres. Notre corps physique, notre identit\u00e9, notre caract\u00e8re, nos qualit\u00e9s et d\u00e9fauts, nos maladies sont issus d\u2019eux. Nous sommes tr\u00e8s fortement influenc\u00e9s par nos anc\u00eatres, beaucoup plus que nous ne le supposons.<\/p>\n\n\n<p class=\"wp-block-paragraph\" style=\"color:#3F4046;font-size:17px;line-height:1.72\">Il y a une totale interd\u00e9pendance entre eux et nous. Que nous le voulions ou non. Ce qui peut soit nous favoriser, soit nous desservir.<\/p>\n\n\n<p class=\"wp-block-paragraph\" style=\"color:#3F4046;font-size:17px;line-height:1.72\">Leurs d\u00e9sirs profonds, leurs sch\u00e9mas nous conditionnent. Ils n\u2019ont peut-\u00eatre pas r\u00e9ussi \u00e0 changer leur propre vie, mais leur volont\u00e9 a impr\u00e9gn\u00e9 leurs corps laissant dans le code g\u00e9n\u00e9tique des traces ind\u00e9l\u00e9biles : celle-ci voulait absolument prendre du poids se trouvant maigre \u00e0 une \u00e9poque ou il valait mieux avoir des kilos en trop \u2013 ses descendants ont un probl\u00e8me de surpoids. Celui-ci trouve qu\u2019il a rat\u00e9 sa vie et le regrette profond\u00e9ment \u2013 ses descendants chercheront la reconnaissance \u00e0 tout prix pour se prouver qu\u2019ils ont r\u00e9ussi leur vie. Celle-l\u00e0 a eu trop d\u2019enfants et a souffert durant tous ses accouchements \u2013 ses descendantes seront bloqu\u00e9es sexuellement par peur de concevoir ou seront bloqu\u00e9es pour devenir m\u00e8res elles-m\u00eames.<\/p>\n\n\n<p class=\"wp-block-paragraph\" style=\"color:#3F4046;font-size:17px;line-height:1.72\">Des programmations de ce genre se retrouvent en chacun d\u2019entre nous. Et nous n\u2019en sommes pas conscients. Parfois nous pouvons voir en nos parents et nos grand-parents un reflet de nos probl\u00e8mes et dans ce cas nous pouvons faire le lien mais si l\u2019anc\u00eatre est trop ancien, comment retrouver l\u2019origine d\u2019un probl\u00e8me?<\/p>\n\n\n<p class=\"wp-block-paragraph\" style=\"color:#3F4046;font-size:17px;line-height:1.72\">Dans ce cours nous allons \u00ab&nbsp;remonter&nbsp;\u00bb le cours du temps et d\u00e9couvrir nos probl\u00e8mes ancestraux. Nous allons travailler sur toute l\u2019h\u00e9r\u00e9dit\u00e9 et changer cette influence de mani\u00e8re \u00e0 ce qu\u2019elle soit positive. Nous travaillerons de mani\u00e8re globale <span style=\"text-decoration: underline;\">et<\/span> de mani\u00e8re sp\u00e9cifique pour \u00eatre le plus efficace possible.<\/p>\n\n\n<p class=\"wp-block-paragraph\" style=\"color:#3F4046;font-size:17px;line-height:1.72\">Pour r\u00e9aliser et comprendre l\u2019importance du processus apr\u00e8s un travail de ce genre, j\u2019ai d\u00e9cid\u00e9 de donner ce cours sur trois jours, 2 jours d\u2019abord puis le troisi\u00e8me 1 ou 2 mois plus tard. Nous pourrons ainsi faire un debriefing o\u00f9 vous pourrez comparer l\u2019effet des corrections sur votre vie et votre corps.<\/p>\n\n\n<p class=\"wp-block-paragraph\" style=\"color:#3F4046;font-size:17px;line-height:1.72\"><strong>Structure du cours :<\/strong><\/p>\n\n\n<ul class=\"wp-block-list\">\n<li>Travail global sur les anc\u00eatres avec toutes les corrections du cours de SC 1 et 2<\/li>\n\n<li>Travail sur les conditionnements ancestraux<\/li>\n\n<li>Constellations sur l\u2019arbre g\u00e9n\u00e9alogique et le sens de l\u2019h\u00e9r\u00e9dit\u00e9<\/li>\n\n<li>Projets-sens, missions et autres conditionnement h\u00e9r\u00e9ditaires<\/li>\n\n<li>Travail sp\u00e9cifique sur les probl\u00e8mes r\u00e9currents<\/li>\n\n<li>Renforcement positif de l\u2019arbre g\u00e9n\u00e9alogique<\/li>\n<\/ul>\n","protected":false},"excerpt":{"rendered":"<p>Dur\u00e9e3 jours (2 jours \/1 jour), 9h-18h LieuA mon cabinet Prix du coursFrs 600.- pour les 3 jours, repas non inclus. Pr\u00e9-requisPrincipe de gu\u00e9rison ou Structures cr\u00e9atives 1 et 2 Prochaines datesvoir&nbsp;calendrier Nous n\u2019existerions pas sans nos anc\u00eatres. Notre corps physique, notre identit\u00e9, notre caract\u00e8re, nos qualit\u00e9s et d\u00e9fauts, nos maladies sont issus d\u2019eux. Nous&#8230;<\/p>\n","protected":false},"author":1,"featured_media":867,"comment_status":"closed","ping_status":"open","sticky":false,"template":"","format":"aside","meta":{"_kad_post_transparent":"","_kad_post_title":"","_kad_post_layout":"","_kad_post_sidebar_id":"","_kad_post_content_style":"","_kad_post_vertical_padding":"","_kad_post_feature":"","_kad_post_feature_position":"","_kad_post_header":false,"_kad_post_footer":false,"_kad_post_classname":"","footnotes":""},"categories":[18],"tags":[40,235,98,41,42,237,236],"class_list":["post-143","post","type-post","status-publish","format-aside","has-post-thumbnail","hentry","category-cours-individuels","tag-ancetres","tag-constellation-familiale","tag-heredite","tag-heritages","tag-liberation","tag-programmation-hereditaires","tag-psycho-genealogie","post_format-post-format-aside"],"_links":{"self":[{"href":"https:\/\/new.guerir.ch\/index.php?rest_route=\/wp\/v2\/posts\/143","targetHints":{"allow":["GET"]}}],"collection":[{"href":"https:\/\/new.guerir.ch\/index.php?rest_route=\/wp\/v2\/posts"}],"about":[{"href":"https:\/\/new.guerir.ch\/index.php?rest_route=\/wp\/v2\/types\/post"}],"author":[{"embeddable":true,"href":"https:\/\/new.guerir.ch\/index.php?rest_route=\/wp\/v2\/users\/1"}],"replies":[{"embeddable":true,"href":"https:\/\/new.guerir.ch\/index.php?rest_route=%2Fwp%2Fv2%2Fcomments&post=143"}],"version-history":[{"count":7,"href":"https:\/\/new.guerir.ch\/index.php?rest_route=\/wp\/v2\/posts\/143\/revisions"}],"predecessor-version":[{"id":4488,"href":"https:\/\/new.guerir.ch\/index.php?rest_route=\/wp\/v2\/posts\/143\/revisions\/4488"}],"wp:featuredmedia":[{"embeddable":true,"href":"https:\/\/new.guerir.ch\/index.php?rest_route=\/wp\/v2\/media\/867"}],"wp:attachment":[{"href":"https:\/\/new.guerir.ch\/index.php?rest_route=%2Fwp%2Fv2%2Fmedia&parent=143"}],"wp:term":[{"taxonomy":"category","embeddable":true,"href":"https:\/\/new.guerir.ch\/index.php?rest_route=%2Fwp%2Fv2%2Fcategories&post=143"},{"taxonomy":"post_tag","embeddable":true,"href":"https:\/\/new.guerir.ch\/index.php?rest_route=%2Fwp%2Fv2%2Ftags&post=143"}],"curies":[{"name":"wp","href":"https:\/\/api.w.org\/{rel}","templated":true}]}}