{"id":145,"date":"2012-08-21T21:28:24","date_gmt":"2012-08-21T19:28:24","guid":{"rendered":"http:\/\/www.guerir.ch\/wordpress\/?p=145"},"modified":"2026-09-06T00:10:41","modified_gmt":"2026-09-05T22:10:41","slug":"intelligence-et-apprentissage","status":"publish","type":"post","link":"https:\/\/new.guerir.ch\/?p=145","title":{"rendered":"Intelligence et apprentissage"},"content":{"rendered":"\n<div class=\"wp-block-group informations-pratiques-kad has-border-color has-background\" style=\"border-color:#E7DFCF;border-width:1px;border-radius:4px;background-color:#F5EEE1;margin-bottom:28px;padding:22px 26px\"><div class=\"wp-block-group__inner-container is-layout-constrained wp-container-core-group-is-layout-e51df799 wp-block-group-is-layout-constrained\">\n\n<p class=\"wp-block-paragraph\" style=\"color:#3F4046;margin-top:0;margin-bottom:0.5rem;font-size:15px;line-height:1.5\"><span style=\"display:inline-block;min-width:170px;padding-right:12px;vertical-align:top;color:#8C8579;font-size:12px;letter-spacing:0.09em;text-transform:uppercase;font-weight:600\">Dur\u00e9e<\/span>1 jour (9h-18h)<\/p>\n\n<p class=\"wp-block-paragraph\" style=\"color:#3F4046;margin-top:0;margin-bottom:0.5rem;font-size:15px;line-height:1.5\"><span style=\"display:inline-block;min-width:170px;padding-right:12px;vertical-align:top;color:#8C8579;font-size:12px;letter-spacing:0.09em;text-transform:uppercase;font-weight:600\">Lieu<\/span>r\u00e9gion riviera.<\/p>\n\n<p class=\"wp-block-paragraph\" style=\"color:#3F4046;margin-top:0;margin-bottom:0.5rem;font-size:15px;line-height:1.5\"><span style=\"display:inline-block;min-width:170px;padding-right:12px;vertical-align:top;color:#8C8579;font-size:12px;letter-spacing:0.09em;text-transform:uppercase;font-weight:600\">Prix du cours<\/span>CHF 200.- , repas non inclus.<\/p>\n\n<p class=\"wp-block-paragraph\" style=\"color:#3F4046;margin-top:0;margin-bottom:0.5rem;font-size:15px;line-height:1.5\"><span style=\"display:inline-block;min-width:170px;padding-right:12px;vertical-align:top;color:#8C8579;font-size:12px;letter-spacing:0.09em;text-transform:uppercase;font-weight:600\">Pr\u00e9-requis<\/span>Principe de gu\u00e9rison ou Structures cr\u00e9atives 1 et 2.<\/p>\n\n<p class=\"wp-block-paragraph\" style=\"color:#3F4046;margin-top:0;margin-bottom:0.5rem;font-size:15px;line-height:1.5\"><span style=\"display:inline-block;min-width:170px;padding-right:12px;vertical-align:top;color:#8C8579;font-size:12px;letter-spacing:0.09em;text-transform:uppercase;font-weight:600\">Prochaines dates<\/span><strong><a href=\"http:\/\/www.guerir.ch\/calendrier\/\">voir&nbsp;calendrier<\/a><\/strong><\/p>\n<\/div><\/div>\n\n\n<p class=\"wp-block-paragraph\" style=\"color:#3F4046;font-size:17px;line-height:1.72\">Etre intelligent c\u2019est avant tout savoir apprendre, savoir s\u2019adapter, savoir cr\u00e9er dans son cerveau, dans son esprit des connections. Il y a une analogie entre le cerveau, le syst\u00e8me nerveux et le mental. Dans notre esprit, nous cr\u00e9ons des associations entre les choses, les objets de notre quotidien. Dans notre cerveau nous cr\u00e9ons des connexions synaptiques. Ces associations, ces connexions doivent pouvoir se faire. Et chez certaines personnes elles se font bien et vite et chez d\u2019autre lentement ou pas du tout. On parlera alors d\u2019intelligence. Mais ce n\u2019est finalement qu\u2019une capacit\u00e9 \u00e0 cr\u00e9er des connexions.<\/p>\n\n\n<p class=\"wp-block-paragraph\" style=\"color:#3F4046;font-size:17px;line-height:1.72\">Imaginez que vous soyez bloqu\u00e9s depuis votre plus tendre enfance, bloqu\u00e9s dans votre capacit\u00e9 \u00e0 cr\u00e9er et \u00e0 changer des connexions. Ce blocage sera une barri\u00e8re dans tout ce que vous entreprendrez dans la vie. Ce blocage affectera votre coordination physique et vous rendra maladroit, ce blocage affectera votre intelligence et votre capacit\u00e9 \u00e0 apprendre. Au lieu d\u2019\u00eatre rapide, vous serez lent. Vous apprendrez avec difficult\u00e9, vous aurez des probl\u00e8mes \u00e0 m\u00e9moriser. L\u2019\u00e9cole sera un fardeau, apprendre un effort constant. Et plus tard, ce sera la m\u00eame chose dans votre travail, ou \u00e0 la maison quand il faudra apprendre \u00e0 utiliser un nouveau jouet technologique. Et plus cela durera, moins vous aurez confiance en vous et en vos capacit\u00e9s.<\/p>\n\n\n<p class=\"wp-block-paragraph\" style=\"color:#3F4046;font-size:17px;line-height:1.72\">Cela peut changer. A tout \u00e2ge.<\/p>\n\n\n<p class=\"wp-block-paragraph\" style=\"color:#3F4046;font-size:17px;line-height:1.72\">A mon avis, 80% des gens sont bloqu\u00e9s dans leurs capacit\u00e9s d\u2019apprentissage. Et seuls 20% des gens apprennent avec facilit\u00e9. Mais cela peut-\u00eatre corrig\u00e9. Vous pourrez le corriger en suivant ce cours et peut-\u00eatre quelques s\u00e9ances individuelles.<\/p>\n\n\n<p class=\"wp-block-paragraph\" style=\"color:#3F4046;font-size:17px;line-height:1.72\">Vous pouvez aussi venir me consulter en s\u00e9ance individuelle pour ce genre de probl\u00e8me.<\/p>\n","protected":false},"excerpt":{"rendered":"<p>Dur\u00e9e1 jour (9h-18h) Lieur\u00e9gion riviera. Prix du coursCHF 200.- , repas non inclus. Pr\u00e9-requisPrincipe de gu\u00e9rison ou Structures cr\u00e9atives 1 et 2. Prochaines datesvoir&nbsp;calendrier Etre intelligent c\u2019est avant tout savoir apprendre, savoir s\u2019adapter, savoir cr\u00e9er dans son cerveau, dans son esprit des connections. Il y a une analogie entre le cerveau, le syst\u00e8me nerveux et&#8230;<\/p>\n","protected":false},"author":1,"featured_media":867,"comment_status":"closed","ping_status":"open","sticky":false,"template":"","format":"aside","meta":{"_kad_post_transparent":"","_kad_post_title":"","_kad_post_layout":"","_kad_post_sidebar_id":"","_kad_post_content_style":"","_kad_post_vertical_padding":"","_kad_post_feature":"","_kad_post_feature_position":"","_kad_post_header":false,"_kad_post_footer":false,"_kad_post_classname":"","footnotes":""},"categories":[18],"tags":[44,45,48,47,43,233,46,230,231],"class_list":["post-145","post","type-post","status-publish","format-aside","has-post-thumbnail","hentry","category-cours-individuels","tag-apprentissage","tag-capacites","tag-coordination","tag-dyslexie","tag-intelligence","tag-kinesiologie","tag-memoire","tag-problemes-dapprentissage","tag-problemes-scolaires","post_format-post-format-aside"],"_links":{"self":[{"href":"https:\/\/new.guerir.ch\/index.php?rest_route=\/wp\/v2\/posts\/145","targetHints":{"allow":["GET"]}}],"collection":[{"href":"https:\/\/new.guerir.ch\/index.php?rest_route=\/wp\/v2\/posts"}],"about":[{"href":"https:\/\/new.guerir.ch\/index.php?rest_route=\/wp\/v2\/types\/post"}],"author":[{"embeddable":true,"href":"https:\/\/new.guerir.ch\/index.php?rest_route=\/wp\/v2\/users\/1"}],"replies":[{"embeddable":true,"href":"https:\/\/new.guerir.ch\/index.php?rest_route=%2Fwp%2Fv2%2Fcomments&post=145"}],"version-history":[{"count":8,"href":"https:\/\/new.guerir.ch\/index.php?rest_route=\/wp\/v2\/posts\/145\/revisions"}],"predecessor-version":[{"id":4494,"href":"https:\/\/new.guerir.ch\/index.php?rest_route=\/wp\/v2\/posts\/145\/revisions\/4494"}],"wp:featuredmedia":[{"embeddable":true,"href":"https:\/\/new.guerir.ch\/index.php?rest_route=\/wp\/v2\/media\/867"}],"wp:attachment":[{"href":"https:\/\/new.guerir.ch\/index.php?rest_route=%2Fwp%2Fv2%2Fmedia&parent=145"}],"wp:term":[{"taxonomy":"category","embeddable":true,"href":"https:\/\/new.guerir.ch\/index.php?rest_route=%2Fwp%2Fv2%2Fcategories&post=145"},{"taxonomy":"post_tag","embeddable":true,"href":"https:\/\/new.guerir.ch\/index.php?rest_route=%2Fwp%2Fv2%2Ftags&post=145"}],"curies":[{"name":"wp","href":"https:\/\/api.w.org\/{rel}","templated":true}]}}