{"id":149,"date":"2012-08-21T21:40:14","date_gmt":"2012-08-21T19:40:14","guid":{"rendered":"http:\/\/www.guerir.ch\/wordpress\/?p=149"},"modified":"2026-09-06T00:10:41","modified_gmt":"2026-09-05T22:10:41","slug":"karmas","status":"publish","type":"post","link":"https:\/\/new.guerir.ch\/?p=149","title":{"rendered":"Karma : Travail sur les m\u00e9moires et traumatismes du pass\u00e9"},"content":{"rendered":"\n<div class=\"wp-block-group informations-pratiques-kad has-border-color has-background\" style=\"border-color:#E7DFCF;border-width:1px;border-radius:4px;background-color:#F5EEE1;margin-bottom:28px;padding:22px 26px\"><div class=\"wp-block-group__inner-container is-layout-constrained wp-container-core-group-is-layout-e51df799 wp-block-group-is-layout-constrained\">\n\n<p class=\"wp-block-paragraph\" style=\"color:#3F4046;margin-top:0;margin-bottom:0.5rem;font-size:15px;line-height:1.5\"><span style=\"display:inline-block;min-width:170px;padding-right:12px;vertical-align:top;color:#8C8579;font-size:12px;letter-spacing:0.09em;text-transform:uppercase;font-weight:600\">Dur\u00e9e<\/span>3 jours, 9h-18h<\/p>\n\n<p class=\"wp-block-paragraph\" style=\"color:#3F4046;margin-top:0;margin-bottom:0.5rem;font-size:15px;line-height:1.5\"><span style=\"display:inline-block;min-width:170px;padding-right:12px;vertical-align:top;color:#8C8579;font-size:12px;letter-spacing:0.09em;text-transform:uppercase;font-weight:600\">Lieu<\/span>\u00e0 mon cabinet, 10 places max.<\/p>\n\n<p class=\"wp-block-paragraph\" style=\"color:#3F4046;margin-top:0;margin-bottom:0.5rem;font-size:15px;line-height:1.5\"><span style=\"display:inline-block;min-width:170px;padding-right:12px;vertical-align:top;color:#8C8579;font-size:12px;letter-spacing:0.09em;text-transform:uppercase;font-weight:600\">Prix du cours<\/span>frs 600.- pour les 3 jours, repas non inclus.<\/p>\n\n<p class=\"wp-block-paragraph\" style=\"color:#3F4046;margin-top:0;margin-bottom:0.5rem;font-size:15px;line-height:1.5\"><span style=\"display:inline-block;min-width:170px;padding-right:12px;vertical-align:top;color:#8C8579;font-size:12px;letter-spacing:0.09em;text-transform:uppercase;font-weight:600\">Pr\u00e9-requis<\/span>Structures cr\u00e9atives 1 et 2 ou Principes de gu\u00e9rison<\/p>\n\n<p class=\"wp-block-paragraph\" style=\"color:#3F4046;margin-top:0;margin-bottom:0.5rem;font-size:15px;line-height:1.5\"><span style=\"display:inline-block;min-width:170px;padding-right:12px;vertical-align:top;color:#8C8579;font-size:12px;letter-spacing:0.09em;text-transform:uppercase;font-weight:600\">Prochaines dates<\/span><strong><a href=\"http:\/\/www.guerir.ch\/calendrier\/\">voir&nbsp;calendrier<\/a><\/strong><\/p>\n<\/div><\/div>\n\n\n<p class=\"wp-block-paragraph\" style=\"color:#3F4046;font-size:17px;line-height:1.72\">En effa\u00e7ant mes croyances et en sortant de mes id\u00e9es re\u00e7ues sur la vie, le monde et l\u2019\u00e2me, j\u2019ai pu d\u00e9velopper une capacit\u00e9 particuli\u00e8re: celle de voir les vies karmiques. Quand je me concentre, je peux percevoir des histoires, un peu comme quand on se rappelle des images de son enfance. En les \u00e9voquants \u00e0 mes patients en s\u00e9ance et ce en fonction des probl\u00e8mes qu\u2019ils souhaitent travailler, je leur permet de comprendre d\u2019o\u00f9 viennent certains probl\u00e8mes et en corrigeant ces vies, ces probl\u00e8mes se r\u00e9solvent.<\/p>\n\n\n<p class=\"wp-block-paragraph\" style=\"color:#3F4046;font-size:17px;line-height:1.72\">Avec le temps, j\u2019ai pu d\u00e9velopper un cours dans lequel vous pouvez d\u00e9couvrir par vous m\u00eame, \u00e0 travers vos sens, l\u2019existence de ces vies, de ces histoires. Cette exp\u00e9rience personnelle unique vous permettra de d\u00e9couvrir qui vous \u00eates r\u00e9ellement et combien vous \u00eates vaste.<\/p>\n\n\n<p class=\"wp-block-paragraph\" style=\"color:#3F4046;font-size:17px;line-height:1.72\">En plus de cette d\u00e9couverte, vous travaillerez sur l\u2019ensemble de vos vies, comme on travaillerait sur un tr\u00e8s grand livre, d\u00e9coup\u00e9 en chapitre mais qui serait accessible globalement, j\u2019appelle \u00e7a un travail transversal sur toutes les vies.<\/p>\n\n\n<p class=\"wp-block-paragraph\" style=\"color:#3F4046;font-size:17px;line-height:1.72\">Ce genre de travail est profond et durable. C\u2019est un travail particuli\u00e8rement n\u00e9cessaire quand on souffre de probl\u00e8mes qui apparemment ne se r\u00e9solvent pas quels que soient les efforts engag\u00e9s. C\u2019est aussi un travail magnifique qui permet \u00e0 votre \u00eatre de changer en profondeur. Cela va supprimer certains attachement \u00e0 ce que les hindous appellent la roue des r\u00e9incarnations ou roue du karma qui est cens\u00e9 g\u00e9n\u00e9rer toutes les souffrances que nous connaissons.<\/p>\n\n\n<p class=\"wp-block-paragraph\" style=\"color:#3F4046;font-size:17px;line-height:1.72\">En s\u00e9ance, il n\u2019est gu\u00e8re possible de faire un travail aussi \u00e9tendu et complet car le temps manque. C\u2019est pourquoi je vous propose ce cours sp\u00e9cial que vous pouvez suivre m\u00eame si vous n\u2019\u00eates pas th\u00e9rapeute.<\/p>\n\n\n<p class=\"wp-block-paragraph\" style=\"color:#3F4046;font-size:17px;line-height:1.72\">Une fois que cette comp\u00e9tence sera acquise, nous verrons comment retrouver et travailler les m\u00e9moires de cette vie-ci. Curieusement, il est parfois plus facile de voir une autre vie que de percevoir ce qui nous est arriv\u00e9 \u00e0 la naissance ou dans la petite enfance. Une fois cette perception d\u00e9bloqu\u00e9e, vous pourrez d\u00e9couvrir la totalit\u00e9 de votre exp\u00e9rience.<\/p>\n\n\n<ul class=\"wp-block-list\">\n<li>Explications th\u00e9oriques<\/li>\n\n<li>Nettoyage global des vies pass\u00e9es<\/li>\n\n<li>Comment travailler seul sur vous ou sur vos patients<\/li>\n\n<li>S\u00e9ance de m\u00e9ditation\/visualisation pour revoir certaines vies pass\u00e9es<\/li>\n\n<li>Comment travailler \u00e0 travers le temps et l\u2019espace pour changer une vie pass\u00e9e<\/li>\n\n<li>Application des effacements aux karmas<\/li>\n<\/ul>\n\n\n<p class=\"wp-block-paragraph\" style=\"color:#3F4046;font-size:17px;line-height:1.72\">Vous recevrez aussi de nombreuses corrections pratiques pour votre quotidien qui vous permettront de corriger chez vous ou chez les autres de nombreuses pathologies physiques ou probl\u00e8mes psychiques, \u00e9motionnels ou sociaux!<\/p>\n\n","protected":false},"excerpt":{"rendered":"<p>Dur\u00e9e3 jours, 9h-18h Lieu\u00e0 mon cabinet, 10 places max. Prix du coursfrs 600.- pour les 3 jours, repas non inclus. Pr\u00e9-requisStructures cr\u00e9atives 1 et 2 ou Principes de gu\u00e9rison Prochaines datesvoir&nbsp;calendrier En effa\u00e7ant mes croyances et en sortant de mes id\u00e9es re\u00e7ues sur la vie, le monde et l\u2019\u00e2me, j\u2019ai pu d\u00e9velopper une capacit\u00e9 particuli\u00e8re:&#8230;<\/p>\n","protected":false},"author":1,"featured_media":867,"comment_status":"closed","ping_status":"open","sticky":false,"template":"","format":"aside","meta":{"_kad_post_transparent":"","_kad_post_title":"","_kad_post_layout":"","_kad_post_sidebar_id":"","_kad_post_content_style":"","_kad_post_vertical_padding":"","_kad_post_feature":"","_kad_post_feature_position":"","_kad_post_header":false,"_kad_post_footer":false,"_kad_post_classname":"","footnotes":""},"categories":[18],"tags":[229,49,225,226,227,228],"class_list":["post-149","post","type-post","status-publish","format-aside","has-post-thumbnail","hentry","category-cours-individuels","tag-comprehension-profonde-de-soi","tag-karmas","tag-liberation-memorielle","tag-nettoyage-des-memoires","tag-travail-sur-lenfance","tag-travail-sur-les-autres-vies","post_format-post-format-aside"],"_links":{"self":[{"href":"https:\/\/new.guerir.ch\/index.php?rest_route=\/wp\/v2\/posts\/149","targetHints":{"allow":["GET"]}}],"collection":[{"href":"https:\/\/new.guerir.ch\/index.php?rest_route=\/wp\/v2\/posts"}],"about":[{"href":"https:\/\/new.guerir.ch\/index.php?rest_route=\/wp\/v2\/types\/post"}],"author":[{"embeddable":true,"href":"https:\/\/new.guerir.ch\/index.php?rest_route=\/wp\/v2\/users\/1"}],"replies":[{"embeddable":true,"href":"https:\/\/new.guerir.ch\/index.php?rest_route=%2Fwp%2Fv2%2Fcomments&post=149"}],"version-history":[{"count":10,"href":"https:\/\/new.guerir.ch\/index.php?rest_route=\/wp\/v2\/posts\/149\/revisions"}],"predecessor-version":[{"id":4495,"href":"https:\/\/new.guerir.ch\/index.php?rest_route=\/wp\/v2\/posts\/149\/revisions\/4495"}],"wp:featuredmedia":[{"embeddable":true,"href":"https:\/\/new.guerir.ch\/index.php?rest_route=\/wp\/v2\/media\/867"}],"wp:attachment":[{"href":"https:\/\/new.guerir.ch\/index.php?rest_route=%2Fwp%2Fv2%2Fmedia&parent=149"}],"wp:term":[{"taxonomy":"category","embeddable":true,"href":"https:\/\/new.guerir.ch\/index.php?rest_route=%2Fwp%2Fv2%2Fcategories&post=149"},{"taxonomy":"post_tag","embeddable":true,"href":"https:\/\/new.guerir.ch\/index.php?rest_route=%2Fwp%2Fv2%2Ftags&post=149"}],"curies":[{"name":"wp","href":"https:\/\/api.w.org\/{rel}","templated":true}]}}