{"id":157,"date":"2012-08-21T21:45:43","date_gmt":"2012-08-21T19:45:43","guid":{"rendered":"http:\/\/www.guerir.ch\/wordpress\/?p=157"},"modified":"2026-09-06T00:10:44","modified_gmt":"2026-09-05T22:10:44","slug":"chakras","status":"publish","type":"post","link":"https:\/\/new.guerir.ch\/?p=157","title":{"rendered":"Chakras I et II"},"content":{"rendered":"\n<div class=\"wp-block-group informations-pratiques-kad has-border-color has-background\" style=\"border-color:#E7DFCF;border-width:1px;border-radius:4px;background-color:#F5EEE1;margin-bottom:28px;padding:22px 26px\"><div class=\"wp-block-group__inner-container is-layout-constrained wp-container-core-group-is-layout-e51df799 wp-block-group-is-layout-constrained\">\n\n<p class=\"wp-block-paragraph\" style=\"color:#3F4046;margin-top:0;margin-bottom:0.5rem;font-size:15px;line-height:1.5\"><span style=\"display:inline-block;min-width:170px;padding-right:12px;vertical-align:top;color:#8C8579;font-size:12px;letter-spacing:0.09em;text-transform:uppercase;font-weight:600\">Dur\u00e9e<\/span>1 jour chacun (9h-18h)<\/p>\n\n<p class=\"wp-block-paragraph\" style=\"color:#3F4046;margin-top:0;margin-bottom:0.5rem;font-size:15px;line-height:1.5\"><span style=\"display:inline-block;min-width:170px;padding-right:12px;vertical-align:top;color:#8C8579;font-size:12px;letter-spacing:0.09em;text-transform:uppercase;font-weight:600\">Lieu<\/span>\u00e0 mon cabinet<\/p>\n\n<p class=\"wp-block-paragraph\" style=\"color:#3F4046;margin-top:0;margin-bottom:0.5rem;font-size:15px;line-height:1.5\"><span style=\"display:inline-block;min-width:170px;padding-right:12px;vertical-align:top;color:#8C8579;font-size:12px;letter-spacing:0.09em;text-transform:uppercase;font-weight:600\">Prix du cours<\/span>Frs 200.- par jour de cours , repas non inclus.<\/p>\n\n<p class=\"wp-block-paragraph\" style=\"color:#3F4046;margin-top:0;margin-bottom:0.5rem;font-size:15px;line-height:1.5\"><span style=\"display:inline-block;min-width:170px;padding-right:12px;vertical-align:top;color:#8C8579;font-size:12px;letter-spacing:0.09em;text-transform:uppercase;font-weight:600\">Pr\u00e9-requis<\/span>Variable<\/p>\n\n<p class=\"wp-block-paragraph\" style=\"color:#3F4046;margin-top:0;margin-bottom:0.5rem;font-size:15px;line-height:1.5\"><span style=\"display:inline-block;min-width:170px;padding-right:12px;vertical-align:top;color:#8C8579;font-size:12px;letter-spacing:0.09em;text-transform:uppercase;font-weight:600\">Prochaines dates<\/span><strong><a href=\"http:\/\/www.guerir.ch\/calendrier\/\">voir&nbsp;calendrier<\/a><\/strong><\/p>\n<\/div><\/div>\n\n\n<p class=\"wp-block-paragraph\" style=\"color:#3F4046;font-size:17px;line-height:1.72\">Les chakras sont des centres d\u2019\u00e9nergie r\u00e9partis sur tout le corps. Ce sont aussi des centres d\u2019activation de certains aspects de votre vie. En travaillant sur eux, vous pouvez changer votre vie, votre comportement, votre caract\u00e8re, votre sant\u00e9 et bien d\u2019autres choses. Porte d\u2019entr\u00e9e classique des th\u00e9rapies naturelles, les chakras sont aussi cependant victime de la mode. On suppose bien des choses et bien peu de gens en ont une exp\u00e9rience directe. C\u2019est ce que je vous donnerais dans ces deux cours, une exp\u00e9rience \u00e0 vous, personnelle.<\/p>\n\n\n<p class=\"wp-block-paragraph\" style=\"color:#3F4046;font-size:17px;line-height:1.72\">Les 7 chakras principaux et les secondaires seront \u00e9tudi\u00e9s dans le cours I. Vous apprendrez \u00e0 ouvrir et \u00e0 fermer vos chakras, \u00e0 les activer, \u00e0 les dessiner, \u00e0 les sentir, \u00e0 les regarder et \u00e0 les corriger. Vous pourrez ainsi d\u00e9couvrir le chakra de base, sacr\u00e9, plexus, coeur, gorge, 3\u00e8me oeil et coronal mais aussi les chakras des oreilles, des mains et des pieds.<\/p>\n\n\n<p class=\"wp-block-paragraph\" style=\"color:#3F4046;font-size:17px;line-height:1.72\">Les chakras interm\u00e9diaires et transcendantaux seront \u00e9tudi\u00e9s dans le cours II. Les interm\u00e9diaires sont situ\u00e9s entre les chakras principaux, par exemple, entre le chakra de base et le chakra sacr\u00e9, vous trouverez un chakra que j\u2019appelle le chakra coccyx. Il y a 8 chakras interm\u00e9diaires qu\u2019il est tr\u00e8s utile de d\u00e9couvrir. Les chakras transcendantaux sont des harmoniques des chakras pr\u00e9c\u00e9dent, cela veut dire que si le chakra de base est un DO, il existe un DO au-dessus, plus subtil, vibratoirement similaire au chakra de base mais qui a un r\u00f4le diff\u00e9rent. Ces chakras l\u00e0 sont tr\u00e8s myst\u00e9rieux et il existe peu de cours sur le sujet. Venez d\u00e9couvrir comment les traiter, les activer et utiliser leur potentiel dans votre vie.<\/p>\n","protected":false},"excerpt":{"rendered":"<p>Dur\u00e9e1 jour chacun (9h-18h) Lieu\u00e0 mon cabinet Prix du coursFrs 200.- par jour de cours , repas non inclus. Pr\u00e9-requisVariable Prochaines datesvoir&nbsp;calendrier Les chakras sont des centres d\u2019\u00e9nergie r\u00e9partis sur tout le corps. Ce sont aussi des centres d\u2019activation de certains aspects de votre vie. En travaillant sur eux, vous pouvez changer votre vie, votre&#8230;<\/p>\n","protected":false},"author":1,"featured_media":867,"comment_status":"closed","ping_status":"open","sticky":false,"template":"","format":"aside","meta":{"_kad_post_transparent":"","_kad_post_title":"","_kad_post_layout":"","_kad_post_sidebar_id":"","_kad_post_content_style":"","_kad_post_vertical_padding":"","_kad_post_feature":"","_kad_post_feature_position":"","_kad_post_header":false,"_kad_post_footer":false,"_kad_post_classname":"","footnotes":""},"categories":[18],"tags":[55,219,218,222,221,220,50,223,224,51,52],"class_list":["post-157","post","type-post","status-publish","format-aside","has-post-thumbnail","hentry","category-cours-individuels","tag-3eme-oeil","tag-chakra-couronne","tag-chakra-de-base","tag-chakra-de-la-gorge","tag-chakra-du-coeur","tag-chakra-sacre","tag-chakras","tag-chakras-intermediaires","tag-chakras-transcendantaux","tag-energie","tag-plexus-solaire","post_format-post-format-aside"],"_links":{"self":[{"href":"https:\/\/new.guerir.ch\/index.php?rest_route=\/wp\/v2\/posts\/157","targetHints":{"allow":["GET"]}}],"collection":[{"href":"https:\/\/new.guerir.ch\/index.php?rest_route=\/wp\/v2\/posts"}],"about":[{"href":"https:\/\/new.guerir.ch\/index.php?rest_route=\/wp\/v2\/types\/post"}],"author":[{"embeddable":true,"href":"https:\/\/new.guerir.ch\/index.php?rest_route=\/wp\/v2\/users\/1"}],"replies":[{"embeddable":true,"href":"https:\/\/new.guerir.ch\/index.php?rest_route=%2Fwp%2Fv2%2Fcomments&post=157"}],"version-history":[{"count":8,"href":"https:\/\/new.guerir.ch\/index.php?rest_route=\/wp\/v2\/posts\/157\/revisions"}],"predecessor-version":[{"id":4498,"href":"https:\/\/new.guerir.ch\/index.php?rest_route=\/wp\/v2\/posts\/157\/revisions\/4498"}],"wp:featuredmedia":[{"embeddable":true,"href":"https:\/\/new.guerir.ch\/index.php?rest_route=\/wp\/v2\/media\/867"}],"wp:attachment":[{"href":"https:\/\/new.guerir.ch\/index.php?rest_route=%2Fwp%2Fv2%2Fmedia&parent=157"}],"wp:term":[{"taxonomy":"category","embeddable":true,"href":"https:\/\/new.guerir.ch\/index.php?rest_route=%2Fwp%2Fv2%2Fcategories&post=157"},{"taxonomy":"post_tag","embeddable":true,"href":"https:\/\/new.guerir.ch\/index.php?rest_route=%2Fwp%2Fv2%2Ftags&post=157"}],"curies":[{"name":"wp","href":"https:\/\/api.w.org\/{rel}","templated":true}]}}