{"id":159,"date":"2012-08-21T21:49:44","date_gmt":"2012-08-21T19:49:44","guid":{"rendered":"http:\/\/www.guerir.ch\/wordpress\/?p=159"},"modified":"2026-09-06T00:10:42","modified_gmt":"2026-09-05T22:10:42","slug":"identites-qui-sommes-nous","status":"publish","type":"post","link":"https:\/\/new.guerir.ch\/?p=159","title":{"rendered":"Identit\u00e9s: la vraie nature du Soi"},"content":{"rendered":"\n<div class=\"wp-block-group informations-pratiques-kad has-border-color has-background\" style=\"border-color:#E7DFCF;border-width:1px;border-radius:4px;background-color:#F5EEE1;margin-bottom:28px;padding:22px 26px\"><div class=\"wp-block-group__inner-container is-layout-constrained wp-container-core-group-is-layout-e51df799 wp-block-group-is-layout-constrained\">\n\n<p class=\"wp-block-paragraph\" style=\"color:#3F4046;margin-top:0;margin-bottom:0.5rem;font-size:15px;line-height:1.5\"><span style=\"display:inline-block;min-width:170px;padding-right:12px;vertical-align:top;color:#8C8579;font-size:12px;letter-spacing:0.09em;text-transform:uppercase;font-weight:600\">Dur\u00e9e<\/span>5 jours r\u00e9partis sur 3 mois, 9h-18h<\/p>\n\n<p class=\"wp-block-paragraph\" style=\"color:#3F4046;margin-top:0;margin-bottom:0.5rem;font-size:15px;line-height:1.5\"><span style=\"display:inline-block;min-width:170px;padding-right:12px;vertical-align:top;color:#8C8579;font-size:12px;letter-spacing:0.09em;text-transform:uppercase;font-weight:600\">Lieu<\/span>r\u00e9gion riviera.<\/p>\n\n<p class=\"wp-block-paragraph\" style=\"color:#3F4046;margin-top:0;margin-bottom:0.5rem;font-size:15px;line-height:1.5\"><span style=\"display:inline-block;min-width:170px;padding-right:12px;vertical-align:top;color:#8C8579;font-size:12px;letter-spacing:0.09em;text-transform:uppercase;font-weight:600\">Prix du cours<\/span>Frs 1000.- pour les 5 jours, repas non inclus.<\/p>\n\n<p class=\"wp-block-paragraph\" style=\"color:#3F4046;margin-top:0;margin-bottom:0.5rem;font-size:15px;line-height:1.5\"><span style=\"display:inline-block;min-width:170px;padding-right:12px;vertical-align:top;color:#8C8579;font-size:12px;letter-spacing:0.09em;text-transform:uppercase;font-weight:600\">Pr\u00e9-requis<\/span>Principe de gu\u00e9rison ou Structures cr\u00e9atives 1 et 2 + Anc\u00eatres et Travail sur les traumatismes du pass\u00e9 (karmas)<\/p>\n\n<p class=\"wp-block-paragraph\" style=\"color:#3F4046;margin-top:0;margin-bottom:0.5rem;font-size:15px;line-height:1.5\"><span style=\"display:inline-block;min-width:170px;padding-right:12px;vertical-align:top;color:#8C8579;font-size:12px;letter-spacing:0.09em;text-transform:uppercase;font-weight:600\">Prochaines dates<\/span><strong><a href=\"http:\/\/www.guerir.ch\/calendrier\/\">voir&nbsp;calendrier<\/a><\/strong><\/p>\n<\/div><\/div>\n\n\n<p class=\"wp-block-paragraph\" style=\"color:#3F4046;font-size:17px;line-height:1.72\">Un \u00eatre humain est extr\u00eamement complexe. Etudier l\u2019anatomie vous en convaincra facilement. Mais \u00e9tudiez son psychisme et vous retrouverez cette m\u00eame complexit\u00e9.<\/p>\n\n\n<p class=\"wp-block-paragraph\" style=\"color:#3F4046;font-size:17px;line-height:1.72\">Un \u00eatre humain est semblable \u00e0 une cellule avec un noyau, une couche interm\u00e9diaire et une couche externe. En hom\u00e9opathie on appelle cela l\u2019endoderme, le m\u00e9soderme et l\u2019ectoderme et la fonctionnalit\u00e9 de chacune de ces couches d\u00e9pendra d\u2019une p\u00e9riode de vie de l\u2019enfant. Si une p\u00e9riode a \u00e9t\u00e9 mal v\u00e9cue, si un traumatisme est survenu, on pourra le lire plus tard dans les maladies et les probl\u00e8mes que conna\u00eet l\u2019adulte.<\/p>\n\n\n<p class=\"wp-block-paragraph\" style=\"color:#3F4046;font-size:17px;line-height:1.72\">Dans mon travail, il est imp\u00e9ratif d\u2019int\u00e9grer cette complexit\u00e9 et de la comprendre afin de pouvoir aider mes patients.<\/p>\n\n\n<p class=\"wp-block-paragraph\" style=\"color:#3F4046;font-size:17px;line-height:1.72\">Dans votre travail pour devenir plus conscient, il est indispensable de d\u00e9couvrir qui vous \u00eates vraiment. Qu\u2019est ce qui en vous d\u00e9pend du Moi construit dans cette vie, qu\u2019est-ce qui d\u00e9pend de votre Ame, qu\u2019est-ce qui d\u00e9pend de votre Essence ou de votre Quintessence. Chaque aspect de nous d\u00e9montre des qualit\u00e9s et des d\u00e9fauts. Je vous expliquerai comment travailler sur ces aspects, comment les percevoir et les comprendre.<\/p>\n\n\n<p class=\"wp-block-paragraph\" style=\"color:#3F4046;font-size:17px;line-height:1.72\">Dans ce cours vous d\u00e9couvrirez aussi comment on essaie constamment de ne pas \u00eatre soi-m\u00eame en favorisant un seul aspect de soi, celui qu\u2019on pr\u00e9f\u00e8re au moment pr\u00e9sent. Nous avons tous cette logique de diviser pour r\u00e9gner. L\u2019acceptation fondamentale de soi et l\u2019unit\u00e9 est bien plus difficile \u00e0 obtenir que la division du soi.<\/p>\n\n\n<p class=\"wp-block-paragraph\" style=\"color:#3F4046;font-size:17px;line-height:1.72\">Le cours sera r\u00e9parti sur une p\u00e9riode de 3 mois pour permettre une meilleure assimilation de l\u2019enseignement et \u00e9viter des processus trop difficiles \u00e0 vivre.<\/p>\n\n\n<ul class=\"wp-block-list\">\n<li>Explications th\u00e9oriques et exercices pratiques<\/li>\n\n<li>Ame, essence et quintessence<\/li>\n\n<li>Parties d\u2019\u00e2mes<\/li>\n\n<li>Moi, ego et esprit (identit\u00e9 construite)<\/li>\n\n<li>Influences karmiques et ancestrales<\/li>\n\n<li>Influence de l\u2019\u00e9ducation et de l\u2019enfance<\/li>\n\n<li>Influence des traumatismes<\/li>\n\n<li>Identit\u00e9s et relations amoureuses<\/li>\n\n<li>Identit\u00e9s et probl\u00e8mes relationnels ou familiaux<\/li>\n\n<li>Nettoyage global de nos diff\u00e9rentes identit\u00e9s<\/li>\n\n<li>S\u00e9paration int\u00e9rieure: quand nous essayons de nous diviser pour r\u00e9gner<\/li>\n\n<li>Division int\u00e9rieure et maladies<\/li>\n\n<li>\u2026<\/li>\n<\/ul>\n","protected":false},"excerpt":{"rendered":"<p>Dur\u00e9e5 jours r\u00e9partis sur 3 mois, 9h-18h Lieur\u00e9gion riviera. Prix du coursFrs 1000.- pour les 5 jours, repas non inclus. Pr\u00e9-requisPrincipe de gu\u00e9rison ou Structures cr\u00e9atives 1 et 2 + Anc\u00eatres et Travail sur les traumatismes du pass\u00e9 (karmas) Prochaines datesvoir&nbsp;calendrier Un \u00eatre humain est extr\u00eamement complexe. Etudier l\u2019anatomie vous en convaincra facilement. Mais \u00e9tudiez&#8230;<\/p>\n","protected":false},"author":1,"featured_media":867,"comment_status":"closed","ping_status":"open","sticky":false,"template":"","format":"aside","meta":{"_kad_post_transparent":"","_kad_post_title":"","_kad_post_layout":"","_kad_post_sidebar_id":"","_kad_post_content_style":"","_kad_post_vertical_padding":"","_kad_post_feature":"","_kad_post_feature_position":"","_kad_post_header":false,"_kad_post_footer":false,"_kad_post_classname":"","footnotes":""},"categories":[18],"tags":[58,216,60,56,59,57,61,217],"class_list":["post-159","post","type-post","status-publish","format-aside","has-post-thumbnail","hentry","category-cours-individuels","tag-decouverte-de-soi","tag-division-interieure","tag-guerison","tag-identites","tag-paradoxes","tag-separation","tag-unite","tag-vrai-soi","post_format-post-format-aside"],"_links":{"self":[{"href":"https:\/\/new.guerir.ch\/index.php?rest_route=\/wp\/v2\/posts\/159","targetHints":{"allow":["GET"]}}],"collection":[{"href":"https:\/\/new.guerir.ch\/index.php?rest_route=\/wp\/v2\/posts"}],"about":[{"href":"https:\/\/new.guerir.ch\/index.php?rest_route=\/wp\/v2\/types\/post"}],"author":[{"embeddable":true,"href":"https:\/\/new.guerir.ch\/index.php?rest_route=\/wp\/v2\/users\/1"}],"replies":[{"embeddable":true,"href":"https:\/\/new.guerir.ch\/index.php?rest_route=%2Fwp%2Fv2%2Fcomments&post=159"}],"version-history":[{"count":8,"href":"https:\/\/new.guerir.ch\/index.php?rest_route=\/wp\/v2\/posts\/159\/revisions"}],"predecessor-version":[{"id":4496,"href":"https:\/\/new.guerir.ch\/index.php?rest_route=\/wp\/v2\/posts\/159\/revisions\/4496"}],"wp:featuredmedia":[{"embeddable":true,"href":"https:\/\/new.guerir.ch\/index.php?rest_route=\/wp\/v2\/media\/867"}],"wp:attachment":[{"href":"https:\/\/new.guerir.ch\/index.php?rest_route=%2Fwp%2Fv2%2Fmedia&parent=159"}],"wp:term":[{"taxonomy":"category","embeddable":true,"href":"https:\/\/new.guerir.ch\/index.php?rest_route=%2Fwp%2Fv2%2Fcategories&post=159"},{"taxonomy":"post_tag","embeddable":true,"href":"https:\/\/new.guerir.ch\/index.php?rest_route=%2Fwp%2Fv2%2Ftags&post=159"}],"curies":[{"name":"wp","href":"https:\/\/api.w.org\/{rel}","templated":true}]}}