{"id":161,"date":"2012-08-21T21:52:39","date_gmt":"2012-08-21T19:52:39","guid":{"rendered":"http:\/\/www.guerir.ch\/wordpress\/?p=161"},"modified":"2026-09-06T00:10:45","modified_gmt":"2026-09-05T22:10:45","slug":"traitement-des-allergies-et-intolerances","status":"publish","type":"post","link":"https:\/\/new.guerir.ch\/?p=161","title":{"rendered":"Traitement des allergies et intol\u00e9rances"},"content":{"rendered":"\n<div class=\"wp-block-group informations-pratiques-kad has-border-color has-background\" style=\"border-color:#E7DFCF;border-width:1px;border-radius:4px;background-color:#F5EEE1;margin-bottom:28px;padding:22px 26px\"><div class=\"wp-block-group__inner-container is-layout-constrained wp-container-core-group-is-layout-e51df799 wp-block-group-is-layout-constrained\">\n\n<p class=\"wp-block-paragraph\" style=\"color:#3F4046;margin-top:0;margin-bottom:0.5rem;font-size:15px;line-height:1.5\"><span style=\"display:inline-block;min-width:170px;padding-right:12px;vertical-align:top;color:#8C8579;font-size:12px;letter-spacing:0.09em;text-transform:uppercase;font-weight:600\">Dur\u00e9e<\/span>2 jours (9h-18h)<\/p>\n\n<p class=\"wp-block-paragraph\" style=\"color:#3F4046;margin-top:0;margin-bottom:0.5rem;font-size:15px;line-height:1.5\"><span style=\"display:inline-block;min-width:170px;padding-right:12px;vertical-align:top;color:#8C8579;font-size:12px;letter-spacing:0.09em;text-transform:uppercase;font-weight:600\">Lieu<\/span>\u00e0 mon cabinet<\/p>\n\n<p class=\"wp-block-paragraph\" style=\"color:#3F4046;margin-top:0;margin-bottom:0.5rem;font-size:15px;line-height:1.5\"><span style=\"display:inline-block;min-width:170px;padding-right:12px;vertical-align:top;color:#8C8579;font-size:12px;letter-spacing:0.09em;text-transform:uppercase;font-weight:600\">Prix du cours<\/span>Frs 400.- , repas non inclus.<\/p>\n<\/div><\/div>\n\n\n<p class=\"wp-block-paragraph\" style=\"color:#3F4046;font-size:17px;line-height:1.72\"><strong>Minimum participants<\/strong>: 6<\/p>\n\n\n<p class=\"wp-block-paragraph\" style=\"color:#3F4046;font-size:17px;line-height:1.72\"><strong>Pr\u00e9-requis<\/strong>: Cursus niveau 1 complet<\/p>\n\n\n<p class=\"wp-block-paragraph\" style=\"color:#3F4046;font-size:17px;line-height:1.72\"><strong>Prochaines dates<\/strong>:&nbsp;<strong><a href=\"http:\/\/www.guerir.ch\/calendrier\/\">voir&nbsp;calendrier<\/a><\/strong><\/p>\n\n\n<p class=\"wp-block-paragraph\" style=\"color:#3F4046;font-size:17px;line-height:1.72\">Dans ce cours nous traiterons des allergies et intol\u00e9rances alimentaires et environnementales classiques mais aussi des allergies \u00ab&nbsp;cach\u00e9es&nbsp;\u00bb qui \u00e9chappent au contr\u00f4le m\u00e9dical standard. Ces intol\u00e9rances sont en g\u00e9n\u00e9ral li\u00e9es \u00e0 des substances que le corps s\u00e9cr\u00e8te (comme les hormones) ou \u00e0 des substances qui composent la mati\u00e8re (oligo-\u00e9l\u00e9ments, vitamines, colorants, additifs, produits chimiques). De nombreuses pathologies chroniques (fatigue, migraines, probl\u00e8mes digestifs, douleurs de r\u00e8gles\u2026) peuvent \u00eatre dues \u00e0 des allergies et comme la m\u00e9decine traditionnelle passe un peu \u00e0 c\u00f4t\u00e9, nous verrons comment v\u00e9rifier si leur origine est bien de cet ordre.<\/p>\n\n\n<p class=\"wp-block-paragraph\" style=\"color:#3F4046;font-size:17px;line-height:1.72\">Ma m\u00e9thode de travail est rapide et efficace, en g\u00e9n\u00e9ral il suffit d\u2019une s\u00e9ance pour corriger une substance ou une combinaison de substances. Le coeur du travail consiste \u00e0 trouver la source de la dysharmonie et ensuite de r\u00e9-harmoniser le corps et l\u2019\u00e2me avec la substance au travers d\u2019une s\u00e9rie de corrections abr\u00e9g\u00e9es qui font appel \u00e0 tous les cours du cycle 1.<\/p>\n\n\n<p class=\"wp-block-paragraph\" style=\"color:#3F4046;font-size:17px;line-height:1.72\">La m\u00e9thode de correction est extr\u00eamement simple malgr\u00e9 la complexit\u00e9 du sujet.<\/p>\n\n\n<p class=\"wp-block-paragraph\" style=\"color:#3F4046;font-size:17px;line-height:1.72\">Je parlerais aussi dans ce cours des vaccins et de comment les drainer avec ma m\u00e9thode de drainage personnelle. Cette m\u00e9thode de travail en hom\u00e9opathie est extr\u00eamement puissante et vous servira aussi \u00e0 corriger des allergies en profondeur quand c\u2019est n\u00e9cessaire. J\u2019ai pu constater que de nombreuses allergies, maladies graves et auto-immunes sont dues \u00e0 des s\u00e9quelles vaccinales.<\/p>\n\n\n<p class=\"wp-block-paragraph\" style=\"color:#3F4046;font-size:17px;line-height:1.72\">Vous recevrez une trousse de testeurs qui vous permettra de tester et corriger la plupart des allerg\u00e8nes connus et toutes sortes de substances vitales dans les r\u00e9actions allergiques. Cette trousse sera factur\u00e9e en sus. Le prix en reste cependant modique.<\/p>\n","protected":false},"excerpt":{"rendered":"<p>Dur\u00e9e2 jours (9h-18h) Lieu\u00e0 mon cabinet Prix du coursFrs 400.- , repas non inclus. Minimum participants: 6 Pr\u00e9-requis: Cursus niveau 1 complet Prochaines dates:&nbsp;voir&nbsp;calendrier Dans ce cours nous traiterons des allergies et intol\u00e9rances alimentaires et environnementales classiques mais aussi des allergies \u00ab&nbsp;cach\u00e9es&nbsp;\u00bb qui \u00e9chappent au contr\u00f4le m\u00e9dical standard. Ces intol\u00e9rances sont en g\u00e9n\u00e9ral li\u00e9es \u00e0&#8230;<\/p>\n","protected":false},"author":1,"featured_media":867,"comment_status":"closed","ping_status":"open","sticky":false,"template":"","format":"aside","meta":{"_kad_post_transparent":"","_kad_post_title":"","_kad_post_layout":"","_kad_post_sidebar_id":"","_kad_post_content_style":"","_kad_post_vertical_padding":"","_kad_post_feature":"","_kad_post_feature_position":"","_kad_post_header":false,"_kad_post_footer":false,"_kad_post_classname":"","footnotes":""},"categories":[18],"tags":[64,62,63],"class_list":["post-161","post","type-post","status-publish","format-aside","has-post-thumbnail","hentry","category-cours-individuels","tag-allergenes","tag-allergies","tag-intolerances","post_format-post-format-aside"],"_links":{"self":[{"href":"https:\/\/new.guerir.ch\/index.php?rest_route=\/wp\/v2\/posts\/161","targetHints":{"allow":["GET"]}}],"collection":[{"href":"https:\/\/new.guerir.ch\/index.php?rest_route=\/wp\/v2\/posts"}],"about":[{"href":"https:\/\/new.guerir.ch\/index.php?rest_route=\/wp\/v2\/types\/post"}],"author":[{"embeddable":true,"href":"https:\/\/new.guerir.ch\/index.php?rest_route=\/wp\/v2\/users\/1"}],"replies":[{"embeddable":true,"href":"https:\/\/new.guerir.ch\/index.php?rest_route=%2Fwp%2Fv2%2Fcomments&post=161"}],"version-history":[{"count":9,"href":"https:\/\/new.guerir.ch\/index.php?rest_route=\/wp\/v2\/posts\/161\/revisions"}],"predecessor-version":[{"id":4500,"href":"https:\/\/new.guerir.ch\/index.php?rest_route=\/wp\/v2\/posts\/161\/revisions\/4500"}],"wp:featuredmedia":[{"embeddable":true,"href":"https:\/\/new.guerir.ch\/index.php?rest_route=\/wp\/v2\/media\/867"}],"wp:attachment":[{"href":"https:\/\/new.guerir.ch\/index.php?rest_route=%2Fwp%2Fv2%2Fmedia&parent=161"}],"wp:term":[{"taxonomy":"category","embeddable":true,"href":"https:\/\/new.guerir.ch\/index.php?rest_route=%2Fwp%2Fv2%2Fcategories&post=161"},{"taxonomy":"post_tag","embeddable":true,"href":"https:\/\/new.guerir.ch\/index.php?rest_route=%2Fwp%2Fv2%2Ftags&post=161"}],"curies":[{"name":"wp","href":"https:\/\/api.w.org\/{rel}","templated":true}]}}