{"id":163,"date":"2012-08-21T21:55:08","date_gmt":"2012-08-21T19:55:08","guid":{"rendered":"http:\/\/www.guerir.ch\/wordpress\/?p=163"},"modified":"2026-09-06T00:10:44","modified_gmt":"2026-09-05T22:10:44","slug":"traitement-des-organes-internes-et-leurs-maladies","status":"publish","type":"post","link":"https:\/\/new.guerir.ch\/?p=163","title":{"rendered":"Traitement des organes internes et leurs maladies"},"content":{"rendered":"\n<div class=\"wp-block-group informations-pratiques-kad has-border-color has-background\" style=\"border-color:#E7DFCF;border-width:1px;border-radius:4px;background-color:#F5EEE1;margin-bottom:28px;padding:22px 26px\"><div class=\"wp-block-group__inner-container is-layout-constrained wp-container-core-group-is-layout-e51df799 wp-block-group-is-layout-constrained\">\n\n<p class=\"wp-block-paragraph\" style=\"color:#3F4046;margin-top:0;margin-bottom:0.5rem;font-size:15px;line-height:1.5\"><span style=\"display:inline-block;min-width:170px;padding-right:12px;vertical-align:top;color:#8C8579;font-size:12px;letter-spacing:0.09em;text-transform:uppercase;font-weight:600\">Dur\u00e9e<\/span>1 jour (9h-18h)<\/p>\n\n<p class=\"wp-block-paragraph\" style=\"color:#3F4046;margin-top:0;margin-bottom:0.5rem;font-size:15px;line-height:1.5\"><span style=\"display:inline-block;min-width:170px;padding-right:12px;vertical-align:top;color:#8C8579;font-size:12px;letter-spacing:0.09em;text-transform:uppercase;font-weight:600\">Lieu<\/span>\u00e0 mon cabinet<\/p>\n\n<p class=\"wp-block-paragraph\" style=\"color:#3F4046;margin-top:0;margin-bottom:0.5rem;font-size:15px;line-height:1.5\"><span style=\"display:inline-block;min-width:170px;padding-right:12px;vertical-align:top;color:#8C8579;font-size:12px;letter-spacing:0.09em;text-transform:uppercase;font-weight:600\">Prix du cours<\/span>Frs 200.- , repas non inclus.<\/p>\n<\/div><\/div>\n\n\n<p class=\"wp-block-paragraph\" style=\"color:#3F4046;font-size:17px;line-height:1.72\"><strong>Minimum participants<\/strong>: 6<\/p>\n\n\n<p class=\"wp-block-paragraph\" style=\"color:#3F4046;font-size:17px;line-height:1.72\"><strong>Pr\u00e9-requis<\/strong>: Cursus niveau 1 complet.<\/p>\n\n\n<p class=\"wp-block-paragraph\" style=\"color:#3F4046;font-size:17px;line-height:1.72\"><strong>Prochaines dates<\/strong>:&nbsp;<strong><a href=\"http:\/\/www.guerir.ch\/calendrier\/\">voir&nbsp;calendrier<\/a><\/strong><\/p>\n\n\n<p class=\"wp-block-paragraph\" style=\"color:#3F4046;font-size:17px;line-height:1.72\">Ce cours est destin\u00e9 \u00e0 vous aider \u00e0 travailler sur les organes internes et les maladies en utilisant ma m\u00e9thode de travail.<\/p>\n\n\n<p class=\"wp-block-paragraph\" style=\"color:#3F4046;font-size:17px;line-height:1.72\">Nous explorerons ensemble chacun des organes internes \u00e0 travers l\u2019expression th\u00e9rapeutique. Cet \u00e9change vous permettra de mieux appr\u00e9hender les dynamiques internes de ces organes et les possibilit\u00e9s d\u2019actions \u00e0 travers les effacements ou l\u2019expression.<\/p>\n\n\n<p class=\"wp-block-paragraph\" style=\"color:#3F4046;font-size:17px;line-height:1.72\">Cette pierre angulaire de la th\u00e9rapie corporelle vous permettra de traiter diff\u00e9rentes maladies et de les identifier gr\u00e2ce \u00e0 ma correction des organes internes.<\/p>\n\n\n<p class=\"wp-block-paragraph\" style=\"color:#3F4046;font-size:17px;line-height:1.72\">Le but de ce cours est aussi de vous aider \u00e0 restaurer un bien-\u00eatre complet chez vos patients et pas seulement \u00e0 d\u00e9bloquer un \u00e9tat pathologique. Vous pourrez constater que m\u00eame chez un individu \u00ab&nbsp;sain&nbsp;\u00bb ou d\u00e9crit comme tel par la m\u00e9decine, certains probl\u00e8mes peuvent \u00eatre per\u00e7us dans les organes internes et corrig\u00e9s avant qu\u2019ils ne s\u2019amplifient.<\/p>\n\n\n<p class=\"wp-block-paragraph\" style=\"color:#3F4046;font-size:17px;line-height:1.72\">Vous apprendrez ainsi \u00e0 percevoir les facteurs h\u00e9r\u00e9ditaires ou karmiques (si vous avez fait ce cours) qui travaillent en arri\u00e8re plan dans le sch\u00e9ma de fonctionnement d\u2019un organe.<\/p>\n","protected":false},"excerpt":{"rendered":"<p>Dur\u00e9e1 jour (9h-18h) Lieu\u00e0 mon cabinet Prix du coursFrs 200.- , repas non inclus. Minimum participants: 6 Pr\u00e9-requis: Cursus niveau 1 complet. Prochaines dates:&nbsp;voir&nbsp;calendrier Ce cours est destin\u00e9 \u00e0 vous aider \u00e0 travailler sur les organes internes et les maladies en utilisant ma m\u00e9thode de travail. Nous explorerons ensemble chacun des organes internes \u00e0 travers&#8230;<\/p>\n","protected":false},"author":1,"featured_media":867,"comment_status":"closed","ping_status":"open","sticky":false,"template":"","format":"aside","meta":{"_kad_post_transparent":"","_kad_post_title":"","_kad_post_layout":"","_kad_post_sidebar_id":"","_kad_post_content_style":"","_kad_post_vertical_padding":"","_kad_post_feature":"","_kad_post_feature_position":"","_kad_post_header":false,"_kad_post_footer":false,"_kad_post_classname":"","footnotes":""},"categories":[18],"tags":[33,60,67,66,65],"class_list":["post-163","post","type-post","status-publish","format-aside","has-post-thumbnail","hentry","category-cours-individuels","tag-corrections","tag-guerison","tag-maladies","tag-organes","tag-traitement","post_format-post-format-aside"],"_links":{"self":[{"href":"https:\/\/new.guerir.ch\/index.php?rest_route=\/wp\/v2\/posts\/163","targetHints":{"allow":["GET"]}}],"collection":[{"href":"https:\/\/new.guerir.ch\/index.php?rest_route=\/wp\/v2\/posts"}],"about":[{"href":"https:\/\/new.guerir.ch\/index.php?rest_route=\/wp\/v2\/types\/post"}],"author":[{"embeddable":true,"href":"https:\/\/new.guerir.ch\/index.php?rest_route=\/wp\/v2\/users\/1"}],"replies":[{"embeddable":true,"href":"https:\/\/new.guerir.ch\/index.php?rest_route=%2Fwp%2Fv2%2Fcomments&post=163"}],"version-history":[{"count":9,"href":"https:\/\/new.guerir.ch\/index.php?rest_route=\/wp\/v2\/posts\/163\/revisions"}],"predecessor-version":[{"id":4499,"href":"https:\/\/new.guerir.ch\/index.php?rest_route=\/wp\/v2\/posts\/163\/revisions\/4499"}],"wp:featuredmedia":[{"embeddable":true,"href":"https:\/\/new.guerir.ch\/index.php?rest_route=\/wp\/v2\/media\/867"}],"wp:attachment":[{"href":"https:\/\/new.guerir.ch\/index.php?rest_route=%2Fwp%2Fv2%2Fmedia&parent=163"}],"wp:term":[{"taxonomy":"category","embeddable":true,"href":"https:\/\/new.guerir.ch\/index.php?rest_route=%2Fwp%2Fv2%2Fcategories&post=163"},{"taxonomy":"post_tag","embeddable":true,"href":"https:\/\/new.guerir.ch\/index.php?rest_route=%2Fwp%2Fv2%2Ftags&post=163"}],"curies":[{"name":"wp","href":"https:\/\/api.w.org\/{rel}","templated":true}]}}