{"id":170,"date":"2012-08-21T22:10:51","date_gmt":"2012-08-21T20:10:51","guid":{"rendered":"http:\/\/www.guerir.ch\/wordpress\/?p=170"},"modified":"2026-09-05T23:16:53","modified_gmt":"2026-09-05T21:16:53","slug":"travail-sur-la-conscience-et-les-perceptions","status":"publish","type":"post","link":"https:\/\/new.guerir.ch\/?p=170","title":{"rendered":"D\u00e9velopper votre conscience et vos perceptions"},"content":{"rendered":"\n<p class=\"wp-block-paragraph\">Retrouvez votre conscience sup\u00e9rieure et apprenez \u00e0 l\u2019utiliser dans votre quotidien pour am\u00e9liorer vos intuitions, vos perceptions et votre justesse.<\/p>\n\n\n\n<p class=\"wp-block-paragraph\">Notre \u00e2me contient deux forces primaires, le conscient et l\u2019inconscient. La conscience est notre gouvernail, notre capitaine. Elle est la lampe de poche qui \u00e9claire les t\u00e9n\u00e8bres ou, si on la travaille, le phare qui illumine tout.<\/p>\n\n\n\n<p class=\"wp-block-paragraph\">Les ma\u00eetres spirituels ont tous recherch\u00e9s la transcendance. La conscience est ce qui transcende, ce qui explique, ce qui comprend, ce qui est intuitif et id\u00e9al en nous. Mais notre conscience, en particulier notre conscience sup\u00e9rieure doit \u00eatre appel\u00e9e, invit\u00e9e et potentialis\u00e9e pour que cette transcendance puisse s\u2019exprimer, se bonifier et nous aider dans tous les aspects de notre vie.<\/p>\n\n\n\n<p class=\"wp-block-paragraph\">Le mouvement de la conscient est un mouvement perp\u00e9tuel de la naissance \u00e0 la mort. A chaque moment nous avons l\u2019opportunit\u00e9 d\u2019utiliser notre conscience pour mieux faire, pour \u00e9voluer ou nous pouvons nous laisser aller \u00e0 l\u2019ignorance, aux croyances et \u00e0 la paresse pour ne rien changer.<\/p>\n\n\n\n<p class=\"wp-block-paragraph\">Il y a sur Terre, parmi tous les \u00eatres humains, comme en vous-m\u00eames, un mouvement d\u2019opposition, de r\u00e9sistance \u00e0 la Conscience. Cette r\u00e9sistance est fond\u00e9e sur la peur du changement, du mieux, du nouveau. Il n\u2019est pas donc pas toujours facile de s\u2019ouvrir \u00e0 la Conscience, m\u00eame \u00e0 la n\u00f4tre, pourtant le jeu en vaut la chandelle.<\/p>\n\n\n\n<p class=\"wp-block-paragraph\">Dans ce cours, vous apprendrez \u00e0 d\u00e9couvrir votre Conscience sup\u00e9rieure, \u00e0 dialoguer avec elle et \u00e0 la comprendre puis vous apprendrez \u00e0 l\u2019utiliser pour changer ou am\u00e9liorer votre vie et aider les autres.<\/p>\n\n\n\n<p class=\"wp-block-paragraph\">Vous apprendrez aussi \u00e0 ma\u00eetriser vos perceptions si vous \u00eates hypersensible ou que vos sensations sont douloureuses ou trop p\u00e9nibles \u00e0 vivre.<\/p>\n","protected":false},"excerpt":{"rendered":"<p>Retrouvez votre conscience sup\u00e9rieure et apprenez \u00e0 l\u2019utiliser dans votre quotidien pour am\u00e9liorer vos intuitions, vos perceptions et votre justesse. Notre \u00e2me contient deux forces primaires, le conscient et l\u2019inconscient. La conscience est notre gouvernail, notre capitaine. Elle est la lampe de poche qui \u00e9claire les t\u00e9n\u00e8bres ou, si on la travaille, le phare qui&#8230;<\/p>\n","protected":false},"author":1,"featured_media":867,"comment_status":"closed","ping_status":"open","sticky":false,"template":"","format":"aside","meta":{"_kad_post_transparent":"","_kad_post_title":"","_kad_post_layout":"","_kad_post_sidebar_id":"","_kad_post_content_style":"","_kad_post_vertical_padding":"","_kad_post_feature":"","_kad_post_feature_position":"","_kad_post_header":false,"_kad_post_footer":false,"_kad_post_classname":"","footnotes":""},"categories":[18],"tags":[215,68,33,70,69,71],"class_list":["post-170","post","type-post","status-publish","format-aside","has-post-thumbnail","hentry","category-cours-individuels","tag-ameliorations","tag-conscience","tag-corrections","tag-exces-perceptifs","tag-perceptions","tag-sens","post_format-post-format-aside"],"_links":{"self":[{"href":"https:\/\/new.guerir.ch\/index.php?rest_route=\/wp\/v2\/posts\/170","targetHints":{"allow":["GET"]}}],"collection":[{"href":"https:\/\/new.guerir.ch\/index.php?rest_route=\/wp\/v2\/posts"}],"about":[{"href":"https:\/\/new.guerir.ch\/index.php?rest_route=\/wp\/v2\/types\/post"}],"author":[{"embeddable":true,"href":"https:\/\/new.guerir.ch\/index.php?rest_route=\/wp\/v2\/users\/1"}],"replies":[{"embeddable":true,"href":"https:\/\/new.guerir.ch\/index.php?rest_route=%2Fwp%2Fv2%2Fcomments&post=170"}],"version-history":[{"count":9,"href":"https:\/\/new.guerir.ch\/index.php?rest_route=\/wp\/v2\/posts\/170\/revisions"}],"predecessor-version":[{"id":1366,"href":"https:\/\/new.guerir.ch\/index.php?rest_route=\/wp\/v2\/posts\/170\/revisions\/1366"}],"wp:featuredmedia":[{"embeddable":true,"href":"https:\/\/new.guerir.ch\/index.php?rest_route=\/wp\/v2\/media\/867"}],"wp:attachment":[{"href":"https:\/\/new.guerir.ch\/index.php?rest_route=%2Fwp%2Fv2%2Fmedia&parent=170"}],"wp:term":[{"taxonomy":"category","embeddable":true,"href":"https:\/\/new.guerir.ch\/index.php?rest_route=%2Fwp%2Fv2%2Fcategories&post=170"},{"taxonomy":"post_tag","embeddable":true,"href":"https:\/\/new.guerir.ch\/index.php?rest_route=%2Fwp%2Fv2%2Ftags&post=170"}],"curies":[{"name":"wp","href":"https:\/\/api.w.org\/{rel}","templated":true}]}}