{"id":460,"date":"2014-06-29T17:19:05","date_gmt":"2014-06-29T15:19:05","guid":{"rendered":"http:\/\/www.guerir.ch\/?p=460"},"modified":"2026-09-06T00:10:43","modified_gmt":"2026-09-05T22:10:43","slug":"methodologie-niveau-1","status":"publish","type":"post","link":"https:\/\/new.guerir.ch\/?p=460","title":{"rendered":"M\u00e9thodologie niveau 1"},"content":{"rendered":"\n<div class=\"wp-block-group informations-pratiques-kad has-border-color has-background\" style=\"border-color:#E7DFCF;border-width:1px;border-radius:4px;background-color:#F5EEE1;margin-bottom:28px;padding:22px 26px\"><div class=\"wp-block-group__inner-container is-layout-constrained wp-container-core-group-is-layout-e51df799 wp-block-group-is-layout-constrained\">\n\n<p class=\"wp-block-paragraph\" style=\"color:#3F4046;margin-top:0;margin-bottom:0.5rem;font-size:15px;line-height:1.5\"><span style=\"display:inline-block;min-width:170px;padding-right:12px;vertical-align:top;color:#8C8579;font-size:12px;letter-spacing:0.09em;text-transform:uppercase;font-weight:600\">Dur\u00e9e<\/span>1 jour, 9h-18h<\/p>\n\n<p class=\"wp-block-paragraph\" style=\"color:#3F4046;margin-top:0;margin-bottom:0.5rem;font-size:15px;line-height:1.5\"><span style=\"display:inline-block;min-width:170px;padding-right:12px;vertical-align:top;color:#8C8579;font-size:12px;letter-spacing:0.09em;text-transform:uppercase;font-weight:600\">Lieu<\/span>r\u00e9gion riviera.<\/p>\n\n<p class=\"wp-block-paragraph\" style=\"color:#3F4046;margin-top:0;margin-bottom:0.5rem;font-size:15px;line-height:1.5\"><span style=\"display:inline-block;min-width:170px;padding-right:12px;vertical-align:top;color:#8C8579;font-size:12px;letter-spacing:0.09em;text-transform:uppercase;font-weight:600\">Prix du cours<\/span>CHF 200.-<\/p>\n\n<p class=\"wp-block-paragraph\" style=\"color:#3F4046;margin-top:0;margin-bottom:0.5rem;font-size:15px;line-height:1.5\"><span style=\"display:inline-block;min-width:170px;padding-right:12px;vertical-align:top;color:#8C8579;font-size:12px;letter-spacing:0.09em;text-transform:uppercase;font-weight:600\">Pr\u00e9-requis<\/span>Principes de gu\u00e9rison, Anc\u00eatres et h\u00e9ritages, Travail sur les m\u00e9moires du pass\u00e9 (karmas), Identit\u00e9s, Calme \u00e9motionnel, Calme mental, Hara.<\/p>\n\n<p class=\"wp-block-paragraph\" style=\"color:#3F4046;margin-top:0;margin-bottom:0.5rem;font-size:15px;line-height:1.5\"><span style=\"display:inline-block;min-width:170px;padding-right:12px;vertical-align:top;color:#8C8579;font-size:12px;letter-spacing:0.09em;text-transform:uppercase;font-weight:600\">Prochaines dates<\/span><strong><a href=\"http:\/\/www.guerir.ch\/calendrier\/\">voir&nbsp;calendrier<\/a><\/strong><\/p>\n<\/div><\/div>\n\n\n<p class=\"wp-block-paragraph\" style=\"color:#3F4046;font-size:17px;line-height:1.72\">Ce cours vous permettra d\u2019apprendre \u00e0 utiliser ma m\u00e9thode dans un contexte professionnel. Comment commencer une s\u00e9ance, comment faire un bilan, par quelles corrections commencer, combien de temps attendre entre deux s\u00e9ances, comment parler des processus, comment chercher une r\u00e9ponse quand rien ne marche, quelle correction choisir, etc?<\/p>\n\n\n<p class=\"wp-block-paragraph\" style=\"color:#3F4046;font-size:17px;line-height:1.72\">Je vous fournirai des documents, des proc\u00e9dures de travail qui faciliteront votre travail sur les autres. Je vous donnerai aussi de nombreux exemples de ce qu\u2019il ne faut pas faire en s\u00e9ance et des suggestions issues de mon exp\u00e9rience en th\u00e9rapie.<\/p>\n\n\n<p class=\"wp-block-paragraph\" style=\"color:#3F4046;font-size:17px;line-height:1.72\">Ce sera aussi un excellent moment pour poser vos questions et pour travailler sur vos \u00e9ventuels probl\u00e8mes en tant que th\u00e9rapeute.<\/p>\n","protected":false},"excerpt":{"rendered":"<p>Dur\u00e9e1 jour, 9h-18h Lieur\u00e9gion riviera. Prix du coursCHF 200.- Pr\u00e9-requisPrincipes de gu\u00e9rison, Anc\u00eatres et h\u00e9ritages, Travail sur les m\u00e9moires du pass\u00e9 (karmas), Identit\u00e9s, Calme \u00e9motionnel, Calme mental, Hara. Prochaines datesvoir&nbsp;calendrier Ce cours vous permettra d\u2019apprendre \u00e0 utiliser ma m\u00e9thode dans un contexte professionnel. Comment commencer une s\u00e9ance, comment faire un bilan, par quelles corrections commencer,&#8230;<\/p>\n","protected":false},"author":1,"featured_media":867,"comment_status":"closed","ping_status":"open","sticky":false,"template":"","format":"aside","meta":{"_kad_post_transparent":"","_kad_post_title":"","_kad_post_layout":"","_kad_post_sidebar_id":"","_kad_post_content_style":"","_kad_post_vertical_padding":"","_kad_post_feature":"","_kad_post_feature_position":"","_kad_post_header":false,"_kad_post_footer":false,"_kad_post_classname":"","footnotes":""},"categories":[18],"tags":[303,304],"class_list":["post-460","post","type-post","status-publish","format-aside","has-post-thumbnail","hentry","category-cours-individuels","tag-methodologie","tag-pratique-en-cabinet","post_format-post-format-aside"],"_links":{"self":[{"href":"https:\/\/new.guerir.ch\/index.php?rest_route=\/wp\/v2\/posts\/460","targetHints":{"allow":["GET"]}}],"collection":[{"href":"https:\/\/new.guerir.ch\/index.php?rest_route=\/wp\/v2\/posts"}],"about":[{"href":"https:\/\/new.guerir.ch\/index.php?rest_route=\/wp\/v2\/types\/post"}],"author":[{"embeddable":true,"href":"https:\/\/new.guerir.ch\/index.php?rest_route=\/wp\/v2\/users\/1"}],"replies":[{"embeddable":true,"href":"https:\/\/new.guerir.ch\/index.php?rest_route=%2Fwp%2Fv2%2Fcomments&post=460"}],"version-history":[{"count":7,"href":"https:\/\/new.guerir.ch\/index.php?rest_route=\/wp\/v2\/posts\/460\/revisions"}],"predecessor-version":[{"id":4497,"href":"https:\/\/new.guerir.ch\/index.php?rest_route=\/wp\/v2\/posts\/460\/revisions\/4497"}],"wp:featuredmedia":[{"embeddable":true,"href":"https:\/\/new.guerir.ch\/index.php?rest_route=\/wp\/v2\/media\/867"}],"wp:attachment":[{"href":"https:\/\/new.guerir.ch\/index.php?rest_route=%2Fwp%2Fv2%2Fmedia&parent=460"}],"wp:term":[{"taxonomy":"category","embeddable":true,"href":"https:\/\/new.guerir.ch\/index.php?rest_route=%2Fwp%2Fv2%2Fcategories&post=460"},{"taxonomy":"post_tag","embeddable":true,"href":"https:\/\/new.guerir.ch\/index.php?rest_route=%2Fwp%2Fv2%2Ftags&post=460"}],"curies":[{"name":"wp","href":"https:\/\/api.w.org\/{rel}","templated":true}]}}