{"id":482,"date":"2014-09-07T21:11:54","date_gmt":"2014-09-07T19:11:54","guid":{"rendered":"http:\/\/www.guerir.ch\/?p=482"},"modified":"2014-09-15T18:43:01","modified_gmt":"2014-09-15T16:43:01","slug":"des-jeunes-filles-frappees-par-un-mal-etrange","status":"publish","type":"post","link":"https:\/\/new.guerir.ch\/?p=482","title":{"rendered":"Des jeunes filles frapp\u00e9es par un mal \u00e9trange"},"content":{"rendered":"<div align=\"justify\"><i>Des jeunes filles qui tremblent et s&rsquo;\u00e9vanouissent avec des convulsions: un mal \u00e9trange frappe une petite localit\u00e9 dans le nord de la Colombie et soul\u00e8ve l&rsquo;\u00e9moi dans le pays.<\/i><\/div>\n<p>A El Carmen de Bolivar, pr\u00e8s du port carib\u00e9en de Carthag\u00e8ne, des dizaines d&rsquo;adolescentes ont v\u00e9cu les m\u00eames sympt\u00f4mes: les mains glac\u00e9es, le visage bl\u00eame et la perte de connaissance.<\/p>\n<div align=\"justify\">\n<p>\u00abIls m&rsquo;ont vaccin\u00e9e en mai et les premiers \u00e9vanouissements ont commenc\u00e9 en ao\u00fbt. Mes jambes sont devenues lourdes, je ne sentais plus mes mains. Quand je me suis r\u00e9veill\u00e9e, j&rsquo;\u00e9tais \u00e0 l&rsquo;h\u00f4pital\u00bb, raconte \u00e0 l&rsquo;AFP Eva Mercado, 15 ans, apr\u00e8s sept pertes de connaissance en un mois.<\/p>\n<p><b>Vaccin en cause<\/b><\/p>\n<p>Pour la plupart des familles touch\u00e9es dans cette ville de 67.000 habitants, cela ne fait aucun doute. C&rsquo;est le r\u00e9sultat de la campagne nationale de vaccination contre le VPH, une des infections sexuelles les plus courantes, qui peut d\u00e9boucher sur des cancers de l&rsquo;ut\u00e9rus.<\/p>\n<p>Le modeste h\u00f4pital Notre Dame est submerg\u00e9e par l&rsquo;arriv\u00e9e d&rsquo;adolescentes inconscientes. Il n&rsquo;est pas rare de voir des p\u00e8res paniqu\u00e9s, venant y transporter leur fille inanim\u00e9e \u00e0 moto, sur les routes en terre de Carmen de Bolivar.<\/p>\n<p><a title=\"Voir l'article complet\" href=\"http:\/\/www.20min.ch\/ro\/news\/monde\/story\/23637675\" target=\"_blank\">http:\/\/www.20min.ch\/ro\/news\/monde\/story\/23637675<\/a><\/p>\n<\/div>\n","protected":false},"excerpt":{"rendered":"<p>Des jeunes filles qui tremblent et s&rsquo;\u00e9vanouissent avec des convulsions: un mal \u00e9trange frappe une petite localit\u00e9 dans le nord de la Colombie et soul\u00e8ve l&rsquo;\u00e9moi dans le pays. A El Carmen de Bolivar, pr\u00e8s du port carib\u00e9en de Carthag\u00e8ne, des dizaines d&rsquo;adolescentes ont v\u00e9cu les m\u00eames sympt\u00f4mes: les mains glac\u00e9es, le visage bl\u00eame et&#8230;<\/p>\n","protected":false},"author":1,"featured_media":0,"comment_status":"closed","ping_status":"open","sticky":false,"template":"","format":"quote","meta":{"_kad_post_transparent":"","_kad_post_title":"","_kad_post_layout":"","_kad_post_sidebar_id":"","_kad_post_content_style":"","_kad_post_vertical_padding":"","_kad_post_feature":"","_kad_post_feature_position":"","_kad_post_header":false,"_kad_post_footer":false,"_kad_post_classname":"","footnotes":""},"categories":[79],"tags":[308,309],"class_list":["post-482","post","type-post","status-publish","format-quote","hentry","category-presse","tag-danger-des-vaccins","tag-papillomavirus","post_format-post-format-quote"],"_links":{"self":[{"href":"https:\/\/new.guerir.ch\/index.php?rest_route=\/wp\/v2\/posts\/482","targetHints":{"allow":["GET"]}}],"collection":[{"href":"https:\/\/new.guerir.ch\/index.php?rest_route=\/wp\/v2\/posts"}],"about":[{"href":"https:\/\/new.guerir.ch\/index.php?rest_route=\/wp\/v2\/types\/post"}],"author":[{"embeddable":true,"href":"https:\/\/new.guerir.ch\/index.php?rest_route=\/wp\/v2\/users\/1"}],"replies":[{"embeddable":true,"href":"https:\/\/new.guerir.ch\/index.php?rest_route=%2Fwp%2Fv2%2Fcomments&post=482"}],"version-history":[{"count":3,"href":"https:\/\/new.guerir.ch\/index.php?rest_route=\/wp\/v2\/posts\/482\/revisions"}],"predecessor-version":[{"id":501,"href":"https:\/\/new.guerir.ch\/index.php?rest_route=\/wp\/v2\/posts\/482\/revisions\/501"}],"wp:attachment":[{"href":"https:\/\/new.guerir.ch\/index.php?rest_route=%2Fwp%2Fv2%2Fmedia&parent=482"}],"wp:term":[{"taxonomy":"category","embeddable":true,"href":"https:\/\/new.guerir.ch\/index.php?rest_route=%2Fwp%2Fv2%2Fcategories&post=482"},{"taxonomy":"post_tag","embeddable":true,"href":"https:\/\/new.guerir.ch\/index.php?rest_route=%2Fwp%2Fv2%2Ftags&post=482"}],"curies":[{"name":"wp","href":"https:\/\/api.w.org\/{rel}","templated":true}]}}