{"id":485,"date":"2014-09-07T21:14:38","date_gmt":"2014-09-07T19:14:38","guid":{"rendered":"http:\/\/www.guerir.ch\/?p=485"},"modified":"2014-09-07T21:14:38","modified_gmt":"2014-09-07T19:14:38","slug":"le-co2-un-carburant-davenir","status":"publish","type":"post","link":"https:\/\/new.guerir.ch\/?p=485","title":{"rendered":"Le CO2, un carburant d&rsquo;avenir?"},"content":{"rendered":"<div align=\"justify\"><b>Le CO2 pourrait bient\u00f4t propulser les voitures<\/b><\/div>\n<p><i>Le dioxyde de carbone, tant d\u00e9cri\u00e9 pour son impact climatique, pourrait \u00e0 l&rsquo;avenir servir \u00e0 faire avancer les v\u00e9hicules tout en respectant l&rsquo;environnement.<\/i><\/p>\n<p>Un constructeur allemand d&rsquo;automobiles a pr\u00e9sent\u00e9 mercredi \u00e0 Berne lors du Sommet suisse de l&rsquo;\u00e9nergie et du climat (SwissECS) un collecteur de CO2 d\u00e9velopp\u00e9 en Suisse et qui pourrait \u00eatre prochainement produit en s\u00e9rie.<\/p>\n<p>\u00abNous y voyons une technologie tr\u00e8s prometteuse pour des longs trajets en voiture avec un bilan climatique neutre\u00bb, a d\u00e9clar\u00e9 Hagen Seifert, responsable des bilans environnementaux chez Audi, devant la presse. La marque allemande entend donc soutenir d\u00e8s l&rsquo;an prochain la spin-off de l&rsquo;EPFZ \u00e0 l&rsquo;origine de l&rsquo;invention.<\/p>\n<p><a href=\"http:\/\/www.20min.ch\/ro\/news\/science\/story\/28380905\">http:\/\/www.20min.ch\/ro\/news\/science\/story\/28380905<\/a><\/p>\n","protected":false},"excerpt":{"rendered":"<p>Le CO2 pourrait bient\u00f4t propulser les voitures Le dioxyde de carbone, tant d\u00e9cri\u00e9 pour son impact climatique, pourrait \u00e0 l&rsquo;avenir servir \u00e0 faire avancer les v\u00e9hicules tout en respectant l&rsquo;environnement. Un constructeur allemand d&rsquo;automobiles a pr\u00e9sent\u00e9 mercredi \u00e0 Berne lors du Sommet suisse de l&rsquo;\u00e9nergie et du climat (SwissECS) un collecteur de CO2 d\u00e9velopp\u00e9 en&#8230;<\/p>\n","protected":false},"author":1,"featured_media":0,"comment_status":"closed","ping_status":"open","sticky":false,"template":"","format":"quote","meta":{"_kad_post_transparent":"","_kad_post_title":"","_kad_post_layout":"","_kad_post_sidebar_id":"","_kad_post_content_style":"","_kad_post_vertical_padding":"","_kad_post_feature":"","_kad_post_feature_position":"","_kad_post_header":false,"_kad_post_footer":false,"_kad_post_classname":"","footnotes":""},"categories":[79],"tags":[311,310,312],"class_list":["post-485","post","type-post","status-publish","format-quote","hentry","category-presse","tag-co2","tag-propulsion","tag-voitures-ecologiques","post_format-post-format-quote"],"_links":{"self":[{"href":"https:\/\/new.guerir.ch\/index.php?rest_route=\/wp\/v2\/posts\/485","targetHints":{"allow":["GET"]}}],"collection":[{"href":"https:\/\/new.guerir.ch\/index.php?rest_route=\/wp\/v2\/posts"}],"about":[{"href":"https:\/\/new.guerir.ch\/index.php?rest_route=\/wp\/v2\/types\/post"}],"author":[{"embeddable":true,"href":"https:\/\/new.guerir.ch\/index.php?rest_route=\/wp\/v2\/users\/1"}],"replies":[{"embeddable":true,"href":"https:\/\/new.guerir.ch\/index.php?rest_route=%2Fwp%2Fv2%2Fcomments&post=485"}],"version-history":[{"count":1,"href":"https:\/\/new.guerir.ch\/index.php?rest_route=\/wp\/v2\/posts\/485\/revisions"}],"predecessor-version":[{"id":486,"href":"https:\/\/new.guerir.ch\/index.php?rest_route=\/wp\/v2\/posts\/485\/revisions\/486"}],"wp:attachment":[{"href":"https:\/\/new.guerir.ch\/index.php?rest_route=%2Fwp%2Fv2%2Fmedia&parent=485"}],"wp:term":[{"taxonomy":"category","embeddable":true,"href":"https:\/\/new.guerir.ch\/index.php?rest_route=%2Fwp%2Fv2%2Fcategories&post=485"},{"taxonomy":"post_tag","embeddable":true,"href":"https:\/\/new.guerir.ch\/index.php?rest_route=%2Fwp%2Fv2%2Ftags&post=485"}],"curies":[{"name":"wp","href":"https:\/\/api.w.org\/{rel}","templated":true}]}}