{"id":557,"date":"2015-02-10T17:41:01","date_gmt":"2015-02-10T16:41:01","guid":{"rendered":"http:\/\/www.guerir.ch\/?p=557"},"modified":"2026-09-06T00:10:47","modified_gmt":"2026-09-05T22:10:47","slug":"transformez-votre-vie-professionnelle","status":"publish","type":"post","link":"https:\/\/new.guerir.ch\/?p=557","title":{"rendered":"Transformez votre vie professionnelle"},"content":{"rendered":"\n<div class=\"wp-block-group informations-pratiques-kad has-border-color has-background\" style=\"border-color:#E7DFCF;border-width:1px;border-radius:4px;background-color:#F5EEE1;margin-bottom:28px;padding:22px 26px\"><div class=\"wp-block-group__inner-container is-layout-constrained wp-container-core-group-is-layout-e51df799 wp-block-group-is-layout-constrained\">\n\n<p class=\"wp-block-paragraph\" style=\"color:#3F4046;margin-top:0;margin-bottom:0.5rem;font-size:15px;line-height:1.5\"><span style=\"display:inline-block;min-width:170px;padding-right:12px;vertical-align:top;color:#8C8579;font-size:12px;letter-spacing:0.09em;text-transform:uppercase;font-weight:600\">Dur\u00e9e<\/span>1 jour, 9h-18h.<\/p>\n\n<p class=\"wp-block-paragraph\" style=\"color:#3F4046;margin-top:0;margin-bottom:0.5rem;font-size:15px;line-height:1.5\"><span style=\"display:inline-block;min-width:170px;padding-right:12px;vertical-align:top;color:#8C8579;font-size:12px;letter-spacing:0.09em;text-transform:uppercase;font-weight:600\">Lieu<\/span>mon cabinet ou selon informations dans le calendrier<\/p>\n\n<p class=\"wp-block-paragraph\" style=\"color:#3F4046;margin-top:0;margin-bottom:0.5rem;font-size:15px;line-height:1.5\"><span style=\"display:inline-block;min-width:170px;padding-right:12px;vertical-align:top;color:#8C8579;font-size:12px;letter-spacing:0.09em;text-transform:uppercase;font-weight:600\">Prix du cours<\/span>CHF 250.-, repas non inclus.<\/p>\n\n<p class=\"wp-block-paragraph\" style=\"color:#3F4046;margin-top:0;margin-bottom:0.5rem;font-size:15px;line-height:1.5\"><span style=\"display:inline-block;min-width:170px;padding-right:12px;vertical-align:top;color:#8C8579;font-size:12px;letter-spacing:0.09em;text-transform:uppercase;font-weight:600\">Pr\u00e9requis<\/span>aucun<\/p>\n\n<p class=\"wp-block-paragraph\" style=\"color:#3F4046;margin-top:0;margin-bottom:0.5rem;font-size:15px;line-height:1.5\"><span style=\"display:inline-block;min-width:170px;padding-right:12px;vertical-align:top;color:#8C8579;font-size:12px;letter-spacing:0.09em;text-transform:uppercase;font-weight:600\">Prochaines dates<\/span><strong><a href=\"http:\/\/www.guerir.ch\/calendrier\/\">voir&nbsp;calendrier<\/a><\/strong><\/p>\n<\/div><\/div>\n\n\n<p class=\"wp-block-paragraph\" style=\"color:#3F4046;font-size:17px;line-height:1.72\"><em>Pour un t\u00e9moignage, voir tout en bas\u2026<\/em><\/p>\n\n\n<p class=\"wp-block-paragraph\" style=\"color:#3F4046;font-size:17px;line-height:1.72\"><strong>Description<\/strong>:<\/p>\n\n\n<p class=\"wp-block-paragraph\" style=\"color:#3F4046;font-size:17px;line-height:1.72\">Vous souhaitez trouver un travail qui vous convienne mieux, vous d\u00e9sirez&nbsp;transformer ou d\u00e9bloquer votre vie professionnelle, vous voulez&nbsp;\u00eatre reconnu \u00e0 votre juste valeur, vous avez besoin de&nbsp;changer votre mani\u00e8re de vivre le travail au quotidien? Ce cours est fait pour vous.<\/p>\n\n\n<p class=\"wp-block-paragraph\" style=\"color:#3F4046;font-size:17px;line-height:1.72\"><span style=\"text-decoration: underline;\">Etape 1 : identification des probl\u00e8mes et des besoins<\/span><\/p>\n\n\n<p class=\"wp-block-paragraph\" style=\"color:#3F4046;font-size:17px;line-height:1.72\">Apr\u00e8s un premier travail solitaire ou en groupe, nous allons ensemble identifier vos besoins primordiaux. Il est possible que vous ne sachiez pas exactement ce dont vous avez besoin. Il est possible que vous ayez tir\u00e9 un trait sur vos r\u00eaves il y a longtemps et que vous n\u2019osez plus d\u00e9sirer. Ce premier travail initial me montrera comment vous cr\u00e9ez votre vie, comment vous r\u00e9ussissez ce que vous entreprenez, si vous avez de la volont\u00e9, du courage et si vos croyances ne bloquent pas trop votre regard sur vous-m\u00eames ou sur le march\u00e9 du travail.<\/p>\n\n\n<p class=\"wp-block-paragraph\" style=\"color:#3F4046;font-size:17px;line-height:1.72\">Les corrections vous permettront de d\u00e9bloquer la force de votre d\u00e9sir et de votre cr\u00e9ation et de d\u00e9terminer vos r\u00e9els besoins.<\/p>\n\n\n<p class=\"wp-block-paragraph\" style=\"color:#3F4046;font-size:17px;line-height:1.72\"><span style=\"text-decoration: underline;\">Etape 2 : Sortir de l\u2019impuissance<\/span><\/p>\n\n\n<p class=\"wp-block-paragraph\" style=\"color:#3F4046;font-size:17px;line-height:1.72\">Ecoutez-vous penser ou parler! Entendez-vous souvent les termes : \u00ab&nbsp;\u00e7a ne marchera pas, je ne peux pas (\u2026), je ne dois pas (\u2026), oui mais, je n\u2019y peux rien, de toute fa\u00e7on la vie est ainsi faite, la vie est dure, je ne suis pas \u00e0 la hauteur, je ne suis pas assez (\u2026)&nbsp;\u00bb?<\/p>\n\n\n<p class=\"wp-block-paragraph\" style=\"color:#3F4046;font-size:17px;line-height:1.72\">Avez-vous perdu courage ou confiance en la Vie?<\/p>\n\n\n<p class=\"wp-block-paragraph\" style=\"color:#3F4046;font-size:17px;line-height:1.72\">Dans cette \u00e9tape, nous allons nettoyer tout ce qui vous emp\u00eache d\u2019\u00eatre volontaire et courageux et de cr\u00e9er la vie exacte que vous souhaitez avoir. Nous allons d\u00e9truire l\u2019impuissance ensemble.<\/p>\n\n\n<p class=\"wp-block-paragraph\" style=\"color:#3F4046;font-size:17px;line-height:1.72\"><span style=\"text-decoration: underline;\">Etape 3 : Identification des probl\u00e8mes professionnels<\/span><\/p>\n\n\n<p class=\"wp-block-paragraph\" style=\"color:#3F4046;font-size:17px;line-height:1.72\">Chacun croit avoir des obstacles qui lui sont propres. Cependant, il est facile de d\u00e9couvrir des constantes : sabotages, manque de volont\u00e9, peurs, m\u00e9moire des \u00e9checs pass\u00e9s, probl\u00e8mes h\u00e9r\u00e9ditaires, probl\u00e8mes de couple, probl\u00e8mes familiaux, croyances qui font obstacles \u00e0 la libert\u00e9, traumatismes, sch\u00e9ma r\u00e9p\u00e9titifs qui am\u00e8nent \u00e0 moins de libert\u00e9, de s\u00e9curit\u00e9 ou de passion, probl\u00e8mes de reconnaissance, trahisons, probl\u00e8mes d\u2019apprentissage, de centrage, d\u2019ancrage \u2026<\/p>\n\n\n<p class=\"wp-block-paragraph\" style=\"color:#3F4046;font-size:17px;line-height:1.72\">Ensemble nous travaillerons sur ces constantes et sur vos probl\u00e8mes sp\u00e9cifiques si il y en a. Mes corrections vous aideront \u00e0 balayer tous ces obstacles et vous pourrez voir par vous-m\u00eame, d\u00e9j\u00e0 pendant le cours, votre \u00e9tat d\u2019esprit changer.<\/p>\n\n\n<p class=\"wp-block-paragraph\" style=\"color:#3F4046;font-size:17px;line-height:1.72\"><span style=\"text-decoration: underline;\">Etape 4 : Nouvelle vie, nouvelles d\u00e9cisions<\/span><\/p>\n\n\n<p class=\"wp-block-paragraph\" style=\"color:#3F4046;font-size:17px;line-height:1.72\">A la fin du cours, nous \u00e9voquerons ensemble la puissance des d\u00e9cisions et nous trouverons quelles sont les d\u00e9cisions que vous devez prendre pour vous cr\u00e9er un meilleur futur professionnel.<\/p>\n\n\n<p class=\"wp-block-paragraph\" style=\"color:#3F4046;font-size:17px;line-height:1.72\"><strong>T\u00e9moignage<\/strong><\/p>\n\n\n<p class=\"wp-block-paragraph\" style=\"color:#3F4046;font-size:17px;line-height:1.72\"><em>Jusqu\u2019\u00e0 il y a un an et demi, j\u2019avais un poste qui me tenait \u00e9norm\u00e9ment \u00e0 c\u0153ur dans la recherche universitaire. Cette recherche doctorale, c\u2019\u00e9tait mon b\u00e9b\u00e9 et j\u2019y consacrait toute mon \u00e9nergie, mes weekends, certaines de mes nuits. Bien s\u00fbr, je voyais moins souvent mes amis et mon ex-conjoint se plaignait de me voir tr\u00e8s peu d\u2019autant plus que je devais travailler \u00e0 c\u00f4t\u00e9 pour gagner un peu d\u2019argent (malgr\u00e9 l\u2019aide de mes parents et de mon ex-conjoint) en attendant de recevoir des fonds de recherche. Rien n\u2019\u00e9galait l\u2019exaltation d\u2019\u00eatre \u00e0 la pointe d\u2019un sujet, de d\u00e9couvrir ce que personne encore n\u2019avait d\u00e9couvert, \u00e7a me passionnait plus que tout, c\u2019\u00e9tait palpitant&nbsp;! Puis subitement, les fonds esp\u00e9r\u00e9s ne sont pas arriv\u00e9s et je m\u2019\u00e9puisais totalement \u00e0 la t\u00e2che. On m\u2019a vivement invit\u00e9e \u00e0 l\u00e2cher la recherche.&nbsp;<\/em><\/p>\n\n\n<p class=\"wp-block-paragraph\" style=\"color:#3F4046;font-size:17px;line-height:1.72\"><em>D\u2019un point de vue externe, on pourrait penser que c\u2019est une bonne chose, c\u2019est ce que je me dis aujourd\u2019hui, mais sur le coup et durant quelques mois, \u00e7a m\u2019avait totalement bris\u00e9e. Un mois apr\u00e8s avoir quitt\u00e9 ce travail, j\u2019ai particip\u00e9 au cours de Marc sur la transformation de la vie professionnelle, \u00e7a ne pouvait pas mieux tomber, la vie est dr\u00f4lement bien faite&nbsp;! On a alors parl\u00e9 de ce qui serait le job de nos r\u00eaves, notamment en termes de valeur, de ce qu\u2019il nous apporte et de ce qui nous emp\u00eache de l\u2019obtenir&nbsp;: nos limites, nos obsessions, nos peurs, nos conditionnements mais aussi de comment \u00eatre choisi pour ce travail.&nbsp;<\/em><em>Nous avons alors fait de nombreuses corrections pour favoriser la r\u00e9alisation de nos r\u00eaves.&nbsp;<\/em><em>En ce qui me concerne, je voulais un travail qui me passionne au sein duquel j\u2019aurais du plaisir, de la s\u00e9curit\u00e9, du partage, la possibilit\u00e9 de faire de la Mindfulness, de me d\u00e9velopper et d\u2019\u00e9voluer au sein de cette activit\u00e9, d\u2019avoir du temps pour moi et pour lire, si possible \u00e0 moins de 20 min de chez moi et en gagnant CHF 6000 net \/ mois minimum. C\u2019\u00e9tait l\u2019id\u00e9al de ce que j\u2019aurais voulu. Quelques mois plus tard, c\u2019est exactement ce qui m\u2019est arriv\u00e9 avec m\u00eame quelques bonus suppl\u00e9mentaires &#x2665;\u2026<\/em><\/p>\n\n\n<p class=\"wp-block-paragraph\" style=\"color:#3F4046;font-size:17px;line-height:1.72\"><em>Si vous voulez changer votre vie, faites ce cours. &#x1f609;<\/em><\/p>\n\n\n<p class=\"wp-block-paragraph\" style=\"color:#3F4046;font-size:17px;line-height:1.72\"><em><strong>Charlotte<\/strong><\/em><\/p>\n","protected":false},"excerpt":{"rendered":"<p>Dur\u00e9e1 jour, 9h-18h. Lieumon cabinet ou selon informations dans le calendrier Prix du coursCHF 250.-, repas non inclus. Pr\u00e9requisaucun Prochaines datesvoir&nbsp;calendrier Pour un t\u00e9moignage, voir tout en bas\u2026 Description: Vous souhaitez trouver un travail qui vous convienne mieux, vous d\u00e9sirez&nbsp;transformer ou d\u00e9bloquer votre vie professionnelle, vous voulez&nbsp;\u00eatre reconnu \u00e0 votre juste valeur, vous avez besoin&#8230;<\/p>\n","protected":false},"author":1,"featured_media":867,"comment_status":"closed","ping_status":"open","sticky":false,"template":"","format":"aside","meta":{"_kad_post_transparent":"","_kad_post_title":"","_kad_post_layout":"","_kad_post_sidebar_id":"","_kad_post_content_style":"","_kad_post_vertical_padding":"","_kad_post_feature":"","_kad_post_feature_position":"","_kad_post_header":false,"_kad_post_footer":false,"_kad_post_classname":"","footnotes":""},"categories":[340],"tags":[45,353,355,29,351,352,354,350],"class_list":["post-557","post","type-post","status-publish","format-aside","has-post-thumbnail","hentry","category-stages-therapeutiques","tag-capacites","tag-changement","tag-courage","tag-developpement-personnel","tag-reussite","tag-succes","tag-transformation","tag-travail","post_format-post-format-aside"],"_links":{"self":[{"href":"https:\/\/new.guerir.ch\/index.php?rest_route=\/wp\/v2\/posts\/557","targetHints":{"allow":["GET"]}}],"collection":[{"href":"https:\/\/new.guerir.ch\/index.php?rest_route=\/wp\/v2\/posts"}],"about":[{"href":"https:\/\/new.guerir.ch\/index.php?rest_route=\/wp\/v2\/types\/post"}],"author":[{"embeddable":true,"href":"https:\/\/new.guerir.ch\/index.php?rest_route=\/wp\/v2\/users\/1"}],"replies":[{"embeddable":true,"href":"https:\/\/new.guerir.ch\/index.php?rest_route=%2Fwp%2Fv2%2Fcomments&post=557"}],"version-history":[{"count":11,"href":"https:\/\/new.guerir.ch\/index.php?rest_route=\/wp\/v2\/posts\/557\/revisions"}],"predecessor-version":[{"id":4503,"href":"https:\/\/new.guerir.ch\/index.php?rest_route=\/wp\/v2\/posts\/557\/revisions\/4503"}],"wp:featuredmedia":[{"embeddable":true,"href":"https:\/\/new.guerir.ch\/index.php?rest_route=\/wp\/v2\/media\/867"}],"wp:attachment":[{"href":"https:\/\/new.guerir.ch\/index.php?rest_route=%2Fwp%2Fv2%2Fmedia&parent=557"}],"wp:term":[{"taxonomy":"category","embeddable":true,"href":"https:\/\/new.guerir.ch\/index.php?rest_route=%2Fwp%2Fv2%2Fcategories&post=557"},{"taxonomy":"post_tag","embeddable":true,"href":"https:\/\/new.guerir.ch\/index.php?rest_route=%2Fwp%2Fv2%2Ftags&post=557"}],"curies":[{"name":"wp","href":"https:\/\/api.w.org\/{rel}","templated":true}]}}