{"id":644,"date":"2016-11-28T13:38:55","date_gmt":"2016-11-28T12:38:55","guid":{"rendered":"http:\/\/www.guerir.ch\/?p=644"},"modified":"2026-09-06T00:10:48","modified_gmt":"2026-09-05T22:10:48","slug":"meditation-et-paix-interieure","status":"publish","type":"post","link":"https:\/\/new.guerir.ch\/?p=644","title":{"rendered":"M\u00e9ditation et paix int\u00e9rieure"},"content":{"rendered":"\n<div class=\"wp-block-group informations-pratiques-kad has-border-color has-background\" style=\"border-color:#E7DFCF;border-width:1px;border-radius:4px;background-color:#F5EEE1;margin-bottom:28px;padding:22px 26px\"><div class=\"wp-block-group__inner-container is-layout-constrained wp-container-core-group-is-layout-e51df799 wp-block-group-is-layout-constrained\">\n\n<p class=\"wp-block-paragraph\" style=\"color:#3F4046;margin-top:0;margin-bottom:0.5rem;font-size:15px;line-height:1.5\"><span style=\"display:inline-block;min-width:170px;padding-right:12px;vertical-align:top;color:#8C8579;font-size:12px;letter-spacing:0.09em;text-transform:uppercase;font-weight:600\">Dur\u00e9e<\/span>1 jour, 9h-18h.<\/p>\n\n<p class=\"wp-block-paragraph\" style=\"color:#3F4046;margin-top:0;margin-bottom:0.5rem;font-size:15px;line-height:1.5\"><span style=\"display:inline-block;min-width:170px;padding-right:12px;vertical-align:top;color:#8C8579;font-size:12px;letter-spacing:0.09em;text-transform:uppercase;font-weight:600\">Lieu<\/span>mon cabinet ou selon informations dans le calendrier<\/p>\n\n<p class=\"wp-block-paragraph\" style=\"color:#3F4046;margin-top:0;margin-bottom:0.5rem;font-size:15px;line-height:1.5\"><span style=\"display:inline-block;min-width:170px;padding-right:12px;vertical-align:top;color:#8C8579;font-size:12px;letter-spacing:0.09em;text-transform:uppercase;font-weight:600\">Prix du cours<\/span>CHF 250.-, repas non inclus.<\/p>\n\n<p class=\"wp-block-paragraph\" style=\"color:#3F4046;margin-top:0;margin-bottom:0.5rem;font-size:15px;line-height:1.5\"><span style=\"display:inline-block;min-width:170px;padding-right:12px;vertical-align:top;color:#8C8579;font-size:12px;letter-spacing:0.09em;text-transform:uppercase;font-weight:600\">Pr\u00e9requis<\/span>aucun<\/p>\n\n<p class=\"wp-block-paragraph\" style=\"color:#3F4046;margin-top:0;margin-bottom:0.5rem;font-size:15px;line-height:1.5\"><span style=\"display:inline-block;min-width:170px;padding-right:12px;vertical-align:top;color:#8C8579;font-size:12px;letter-spacing:0.09em;text-transform:uppercase;font-weight:600\">Prochaines dates<\/span><strong><a href=\"http:\/\/www.guerir.ch\/calendrier\/\">voir&nbsp;calendrier<\/a><\/strong><\/p>\n<\/div><\/div>\n\n\n<p class=\"wp-block-paragraph\" style=\"color:#3F4046;font-size:17px;line-height:1.72\">Dans ce stage, nous ferons ensemble plusieurs m\u00e9ditations pour entrer en contact avec votre \u00e2me et votre inconscient profond. Nous chercherons ensemble qu\u2019est-ce qui vous emp\u00eache d\u2019exister tous les jours dans le calme et la paix int\u00e9rieure et nous gu\u00e9rirons cela pendant les m\u00e9ditations.<\/p>\n\n\n<p class=\"wp-block-paragraph\" style=\"color:#3F4046;font-size:17px;line-height:1.72\">Je vous ferais d\u00e9couvrir l\u2019absence de pens\u00e9e pendant quelques courtes m\u00e9ditations qui r\u00e9v\u00e8leront combien vous \u00eates contr\u00f4l\u00e9 par votre esprit et combien il semble impossible de se lib\u00e9rer du verbiage incessant du mental. La plupart des \u00eatres humains en occident souffrent d\u2019un mental incontr\u00f4lable et envahissant qui les emp\u00eache de percevoir leur conscience, leur intuition et leur monde int\u00e9rieur. Par exemple, n\u2019est-il pas curieux que nous soyons capables de nous emp\u00eacher de faire pipi ou caca, de manger ou de dormir mais pas de penser? Ne serait-ce que 30 secondes? Essayez pour voir avec un minuteur. Essayez de ne pas penser pendant 1 minute, sans tricher, sans vous focaliser sur la flamme d\u2019une bougie ou sur votre souffle ni rien d\u2019autre. Y arrivez-vous? Combien de temps avant qu\u2019une pens\u00e9e se forme dans votre esprit? Vous verrez dans ce cours qu\u2019on peut vivre en m\u00e9ditation des p\u00e9riodes sans pens\u00e9e bien plus longues et l\u2019effet extraordinaire que cela a sur le corps.<\/p>\n\n\n<p class=\"wp-block-paragraph\" style=\"color:#3F4046;font-size:17px;line-height:1.72\">Une fois ce fait per\u00e7u, reconnu et observ\u00e9 dans le cours, nous proc\u00e9derons \u00e0 des corrections qui vous permettront de reprendre le contr\u00f4le de votre monde int\u00e9rieur et de votre r\u00e9flexion. Vous serez moins \u00e9motifs, moins pensant et plus en accord avec vous-m\u00eames. Vous d\u00e9couvrirez les ressources de votre \u00e2me, sa conscience et sa nature profonde et vous donnerez plus de pouvoir \u00e0 votre intuition.<\/p>\n\n\n<p class=\"wp-block-paragraph\" style=\"color:#3F4046;font-size:17px;line-height:1.72\">Ce stage combine deux cours que j\u2019ai d\u00e9j\u00e0 donn\u00e9 souvent dans le pass\u00e9 : calme \u00e9motionnel et calme mental. Vous y recevrez de nombreuses corrections pour apaiser votre mental et vos \u00e9motions et pour devenir le ma\u00eetre de votre monde int\u00e9rieur.<\/p>\n\n\n<p class=\"wp-block-paragraph\" style=\"color:#3F4046;font-size:17px;line-height:1.72\">Ce stage ne n\u00e9cessite aucun pr\u00e9-requis, il est ouvert \u00e0 tous d\u00e8s 18 ans.<\/p>\n","protected":false},"excerpt":{"rendered":"<p>Dur\u00e9e1 jour, 9h-18h. Lieumon cabinet ou selon informations dans le calendrier Prix du coursCHF 250.-, repas non inclus. Pr\u00e9requisaucun Prochaines datesvoir&nbsp;calendrier Dans ce stage, nous ferons ensemble plusieurs m\u00e9ditations pour entrer en contact avec votre \u00e2me et votre inconscient profond. Nous chercherons ensemble qu\u2019est-ce qui vous emp\u00eache d\u2019exister tous les jours dans le calme et&#8230;<\/p>\n","protected":false},"author":1,"featured_media":867,"comment_status":"closed","ping_status":"open","sticky":false,"template":"","format":"aside","meta":{"_kad_post_transparent":"","_kad_post_title":"","_kad_post_layout":"","_kad_post_sidebar_id":"","_kad_post_content_style":"","_kad_post_vertical_padding":"","_kad_post_feature":"","_kad_post_feature_position":"","_kad_post_header":false,"_kad_post_footer":false,"_kad_post_classname":"","footnotes":""},"categories":[340],"tags":[245,242,359],"class_list":["post-644","post","type-post","status-publish","format-aside","has-post-thumbnail","hentry","category-stages-therapeutiques","tag-meditation-fr","tag-paix-interieure","tag-sans-pensee","post_format-post-format-aside"],"_links":{"self":[{"href":"https:\/\/new.guerir.ch\/index.php?rest_route=\/wp\/v2\/posts\/644","targetHints":{"allow":["GET"]}}],"collection":[{"href":"https:\/\/new.guerir.ch\/index.php?rest_route=\/wp\/v2\/posts"}],"about":[{"href":"https:\/\/new.guerir.ch\/index.php?rest_route=\/wp\/v2\/types\/post"}],"author":[{"embeddable":true,"href":"https:\/\/new.guerir.ch\/index.php?rest_route=\/wp\/v2\/users\/1"}],"replies":[{"embeddable":true,"href":"https:\/\/new.guerir.ch\/index.php?rest_route=%2Fwp%2Fv2%2Fcomments&post=644"}],"version-history":[{"count":6,"href":"https:\/\/new.guerir.ch\/index.php?rest_route=\/wp\/v2\/posts\/644\/revisions"}],"predecessor-version":[{"id":4504,"href":"https:\/\/new.guerir.ch\/index.php?rest_route=\/wp\/v2\/posts\/644\/revisions\/4504"}],"wp:featuredmedia":[{"embeddable":true,"href":"https:\/\/new.guerir.ch\/index.php?rest_route=\/wp\/v2\/media\/867"}],"wp:attachment":[{"href":"https:\/\/new.guerir.ch\/index.php?rest_route=%2Fwp%2Fv2%2Fmedia&parent=644"}],"wp:term":[{"taxonomy":"category","embeddable":true,"href":"https:\/\/new.guerir.ch\/index.php?rest_route=%2Fwp%2Fv2%2Fcategories&post=644"},{"taxonomy":"post_tag","embeddable":true,"href":"https:\/\/new.guerir.ch\/index.php?rest_route=%2Fwp%2Fv2%2Ftags&post=644"}],"curies":[{"name":"wp","href":"https:\/\/api.w.org\/{rel}","templated":true}]}}