{"id":705,"date":"2017-09-26T12:05:16","date_gmt":"2017-09-26T10:05:16","guid":{"rendered":"http:\/\/www.guerir.ch\/?p=705"},"modified":"2026-09-06T00:10:49","modified_gmt":"2026-09-05T22:10:49","slug":"apprenez-a-controler-vos-emotions-paix-interieure-et-vitalite","status":"publish","type":"post","link":"https:\/\/new.guerir.ch\/?p=705","title":{"rendered":"Apprenez \u00e0 contr\u00f4ler vos \u00e9motions : paix int\u00e9rieure et vitalit\u00e9"},"content":{"rendered":"\n<div class=\"wp-block-group informations-pratiques-kad has-border-color has-background\" style=\"border-color:#E7DFCF;border-width:1px;border-radius:4px;background-color:#F5EEE1;margin-bottom:28px;padding:22px 26px\"><div class=\"wp-block-group__inner-container is-layout-constrained wp-container-core-group-is-layout-e51df799 wp-block-group-is-layout-constrained\">\n\n<p class=\"wp-block-paragraph\" style=\"color:#3F4046;margin-top:0;margin-bottom:0.5rem;font-size:15px;line-height:1.5\"><span style=\"display:inline-block;min-width:170px;padding-right:12px;vertical-align:top;color:#8C8579;font-size:12px;letter-spacing:0.09em;text-transform:uppercase;font-weight:600\">Dur\u00e9e<\/span>1 jour, 9h-18h.<\/p>\n\n<p class=\"wp-block-paragraph\" style=\"color:#3F4046;margin-top:0;margin-bottom:0.5rem;font-size:15px;line-height:1.5\"><span style=\"display:inline-block;min-width:170px;padding-right:12px;vertical-align:top;color:#8C8579;font-size:12px;letter-spacing:0.09em;text-transform:uppercase;font-weight:600\">Lieu<\/span>mon cabinet ou selon informations dans le calendrier<\/p>\n\n<p class=\"wp-block-paragraph\" style=\"color:#3F4046;margin-top:0;margin-bottom:0.5rem;font-size:15px;line-height:1.5\"><span style=\"display:inline-block;min-width:170px;padding-right:12px;vertical-align:top;color:#8C8579;font-size:12px;letter-spacing:0.09em;text-transform:uppercase;font-weight:600\">Prix du cours<\/span>CHF 250.-, repas non inclus.<\/p>\n\n<p class=\"wp-block-paragraph\" style=\"color:#3F4046;margin-top:0;margin-bottom:0.5rem;font-size:15px;line-height:1.5\"><span style=\"display:inline-block;min-width:170px;padding-right:12px;vertical-align:top;color:#8C8579;font-size:12px;letter-spacing:0.09em;text-transform:uppercase;font-weight:600\">Pr\u00e9requis<\/span>aucun<\/p>\n\n<p class=\"wp-block-paragraph\" style=\"color:#3F4046;margin-top:0;margin-bottom:0.5rem;font-size:15px;line-height:1.5\"><span style=\"display:inline-block;min-width:170px;padding-right:12px;vertical-align:top;color:#8C8579;font-size:12px;letter-spacing:0.09em;text-transform:uppercase;font-weight:600\">Prochaines dates<\/span><strong><a href=\"http:\/\/www.guerir.ch\/calendrier\/\">voir&nbsp;calendrier<\/a><\/strong><\/p>\n<\/div><\/div>\n\n\n<p class=\"wp-block-paragraph\" style=\"color:#3F4046;font-size:17px;line-height:1.72\">Nous ne sommes pas des machines, nous sommes des \u00eatres \u00e9motionnels. Nos \u00e9motions dictent nos choix tous les jours, qu\u2019on soit un scientifique excit\u00e9 et enthousiaste \u00e0 l\u2019id\u00e9e de faire des d\u00e9couvertes, qui cependant craint sa hi\u00e9rarchie et qui se fait du souci pour ses finances; qu\u2019on soit un adolescent troubl\u00e9 par la col\u00e8re, le rejet et la honte alors qu\u2019il recherche la reconnaissance, l\u2019amour et la joie ou qu\u2019on soit une maman qui veut ce qu\u2019il y a de mieux pour ses enfants, pour sa famille et qui s\u2019angoisse, qui s\u2019inqui\u00e8te pour le bien-\u00eatre de tous et qui oublie de trouver sa propre paix. Aussi rationnel qu\u2019on puisse se croire, il ne faut pas se leurrer, nous sommes des \u00eatres \u00e9motionnels, c\u2019est une force et aussi une faiblesse chez bon nombre d\u2019entre nous. Qui est \u00e0 l\u2019abri de la col\u00e8re, de la tristesse, de la peur, de la honte, de l\u2019inqui\u00e9tude, du souci? Et qui voudrait ne plus rien ressentir?<\/p>\n\n\n<p class=\"wp-block-paragraph\" style=\"color:#3F4046;font-size:17px;line-height:1.72\">Alors que faire pour prendre la voie du milieu, la voie du contr\u00f4le, de la sagesse, de la ma\u00eetrise \u00e9motionnelle? Appelez cela comme vous le voulez mais il est n\u00e9cessaire de pouvoir contr\u00f4ler ses \u00e9motions quand on ne veut pas faire du mal, se faire du mal, \u00eatre rejet\u00e9 par notre entourage ou faire le bien. Nous voulons pouvoir nous enthousiasmer quand il le faut ou nous calmer quand il le faut.<\/p>\n\n\n<p class=\"wp-block-paragraph\" style=\"color:#3F4046;font-size:17px;line-height:1.72\">Trop de gens consid\u00e8rent les \u00e9motions comme un danger, comme une menace, comme une souffrance in\u00e9vitable. Il est important de pouvoir sortir des sch\u00e9mas \u00e9motionnels n\u00e9gatifs qui vous habitent.<\/p>\n\n\n<p class=\"wp-block-paragraph\" style=\"color:#3F4046;font-size:17px;line-height:1.72\">Ce cours vous donnera les moyens de le faire. Vous apprendrez comment calmer et contr\u00f4ler vos \u00e9motions, toutes vos \u00e9motions et comment vous pouvez en \u00ab&nbsp;fabriquer&nbsp;\u00bb moins. Car nos \u00e9motions ne sont pas que volontaires ou en r\u00e9action \u00e0 quelque chose, elles sont aussi induites par nos croyances, par nos sch\u00e9mas de pens\u00e9es, par notre \u00e9ducation, par notre h\u00e9r\u00e9dit\u00e9. Et il est possible de nettoyer son \u00eatre pour sortir des cercles vicieux que nous nous sommes cr\u00e9\u00e9es ou dont nous avons h\u00e9rit\u00e9s.<\/p>\n\n\n<p class=\"wp-block-paragraph\" style=\"color:#3F4046;font-size:17px;line-height:1.72\">Interactif, ludique, original, ouvert \u00e0 tous, ce stage vous permettra de retrouver une vie \u00e9motionnelle saine et paisible ainsi que toute la vitalit\u00e9 que conf\u00e8re un corps \u00e9motionnel sain et puissant.<\/p>\n\n\n<p class=\"wp-block-paragraph\" style=\"color:#3F4046;font-size:17px;line-height:1.72\">Ce stage ne n\u00e9cessite aucun pr\u00e9-requis, il est ouvert \u00e0 tous d\u00e8s 16 ans.<\/p>\n","protected":false},"excerpt":{"rendered":"<p>Dur\u00e9e1 jour, 9h-18h. Lieumon cabinet ou selon informations dans le calendrier Prix du coursCHF 250.-, repas non inclus. Pr\u00e9requisaucun Prochaines datesvoir&nbsp;calendrier Nous ne sommes pas des machines, nous sommes des \u00eatres \u00e9motionnels. Nos \u00e9motions dictent nos choix tous les jours, qu\u2019on soit un scientifique excit\u00e9 et enthousiaste \u00e0 l\u2019id\u00e9e de faire des d\u00e9couvertes, qui cependant&#8230;<\/p>\n","protected":false},"author":1,"featured_media":867,"comment_status":"closed","ping_status":"open","sticky":false,"template":"","format":"aside","meta":{"_kad_post_transparent":"","_kad_post_title":"","_kad_post_layout":"","_kad_post_sidebar_id":"","_kad_post_content_style":"","_kad_post_vertical_padding":"","_kad_post_feature":"","_kad_post_feature_position":"","_kad_post_header":false,"_kad_post_footer":false,"_kad_post_classname":"","footnotes":""},"categories":[1],"tags":[],"class_list":["post-705","post","type-post","status-publish","format-aside","has-post-thumbnail","hentry","category-non-classe","post_format-post-format-aside"],"_links":{"self":[{"href":"https:\/\/new.guerir.ch\/index.php?rest_route=\/wp\/v2\/posts\/705","targetHints":{"allow":["GET"]}}],"collection":[{"href":"https:\/\/new.guerir.ch\/index.php?rest_route=\/wp\/v2\/posts"}],"about":[{"href":"https:\/\/new.guerir.ch\/index.php?rest_route=\/wp\/v2\/types\/post"}],"author":[{"embeddable":true,"href":"https:\/\/new.guerir.ch\/index.php?rest_route=\/wp\/v2\/users\/1"}],"replies":[{"embeddable":true,"href":"https:\/\/new.guerir.ch\/index.php?rest_route=%2Fwp%2Fv2%2Fcomments&post=705"}],"version-history":[{"count":4,"href":"https:\/\/new.guerir.ch\/index.php?rest_route=\/wp\/v2\/posts\/705\/revisions"}],"predecessor-version":[{"id":4505,"href":"https:\/\/new.guerir.ch\/index.php?rest_route=\/wp\/v2\/posts\/705\/revisions\/4505"}],"wp:featuredmedia":[{"embeddable":true,"href":"https:\/\/new.guerir.ch\/index.php?rest_route=\/wp\/v2\/media\/867"}],"wp:attachment":[{"href":"https:\/\/new.guerir.ch\/index.php?rest_route=%2Fwp%2Fv2%2Fmedia&parent=705"}],"wp:term":[{"taxonomy":"category","embeddable":true,"href":"https:\/\/new.guerir.ch\/index.php?rest_route=%2Fwp%2Fv2%2Fcategories&post=705"},{"taxonomy":"post_tag","embeddable":true,"href":"https:\/\/new.guerir.ch\/index.php?rest_route=%2Fwp%2Fv2%2Ftags&post=705"}],"curies":[{"name":"wp","href":"https:\/\/api.w.org\/{rel}","templated":true}]}}