{"id":710,"date":"2024-09-18T21:00:08","date_gmt":"2024-09-18T19:00:08","guid":{"rendered":"http:\/\/www.guerir.ch\/?p=710"},"modified":"2026-09-06T00:10:50","modified_gmt":"2026-09-05T22:10:50","slug":"peur-de-la-mort","status":"publish","type":"post","link":"https:\/\/new.guerir.ch\/?p=710","title":{"rendered":"Abandonner sa peur de la mort"},"content":{"rendered":"\n<div class=\"wp-block-group informations-pratiques-kad has-border-color has-background\" style=\"border-color:#E7DFCF;border-width:1px;border-radius:4px;background-color:#F5EEE1;margin-bottom:28px;padding:22px 26px\"><div class=\"wp-block-group__inner-container is-layout-constrained wp-container-core-group-is-layout-e51df799 wp-block-group-is-layout-constrained\">\n\n<p class=\"wp-block-paragraph\" style=\"color:#3F4046;margin-top:0;margin-bottom:0.5rem;font-size:15px;line-height:1.5\"><span style=\"display:inline-block;min-width:170px;padding-right:12px;vertical-align:top;color:#8C8579;font-size:12px;letter-spacing:0.09em;text-transform:uppercase;font-weight:600\">Dur\u00e9e<\/span>3 jours, 9h-18h.<\/p>\n\n<p class=\"wp-block-paragraph\" style=\"color:#3F4046;margin-top:0;margin-bottom:0.5rem;font-size:15px;line-height:1.5\"><span style=\"display:inline-block;min-width:170px;padding-right:12px;vertical-align:top;color:#8C8579;font-size:12px;letter-spacing:0.09em;text-transform:uppercase;font-weight:600\">Lieu<\/span>mon cabinet ou selon informations dans le calendrier<\/p>\n\n<p class=\"wp-block-paragraph\" style=\"color:#3F4046;margin-top:0;margin-bottom:0.5rem;font-size:15px;line-height:1.5\"><span style=\"display:inline-block;min-width:170px;padding-right:12px;vertical-align:top;color:#8C8579;font-size:12px;letter-spacing:0.09em;text-transform:uppercase;font-weight:600\">Prix du cours<\/span>CHF 600.-, repas non inclus.<\/p>\n\n<p class=\"wp-block-paragraph\" style=\"color:#3F4046;margin-top:0;margin-bottom:0.5rem;font-size:15px;line-height:1.5\"><span style=\"display:inline-block;min-width:170px;padding-right:12px;vertical-align:top;color:#8C8579;font-size:12px;letter-spacing:0.09em;text-transform:uppercase;font-weight:600\">Pr\u00e9-requis<\/span>aucun, mais si vous avez d\u00e9j\u00e0 suivi certains de mes cours, des rabais sont possibles, merci de me demander.<\/p>\n\n<p class=\"wp-block-paragraph\" style=\"color:#3F4046;margin-top:0;margin-bottom:0.5rem;font-size:15px;line-height:1.5\"><span style=\"display:inline-block;min-width:170px;padding-right:12px;vertical-align:top;color:#8C8579;font-size:12px;letter-spacing:0.09em;text-transform:uppercase;font-weight:600\">Prochaines dates<\/span><strong><a href=\"http:\/\/www.guerir.ch\/calendrier\/\">voir&nbsp;calendrier<\/a><\/strong><\/p>\n<\/div><\/div>\n\n\n<p class=\"wp-block-paragraph\" style=\"color:#3F4046;font-size:17px;line-height:1.72\">Stage exceptionnel pour vous permettre d\u2019apprivoiser la mort en tant que ph\u00e9nom\u00e8ne immuable et incontournable de l\u2019exp\u00e9rience humaine.<\/p>\n\n\n<p class=\"wp-block-paragraph\" style=\"color:#3F4046;font-size:17px;line-height:1.72\">En effa\u00e7ant vos croyances sur ce moment tellement craint et en travaillant en profondeur sur toutes les m\u00e9moires et tous les conditionnements que vous avez \u00e0 ce sujet vous pourrez obtenir un autre regard sur le mort, un regard scientifique et spirituel positif. Vous pourrez aussi vous lib\u00e9rer de <span style=\"text-decoration: underline;\">toutes<\/span> vos peurs concernant la mort notamment en comprenant en d\u00e9tails quels sont tous les diff\u00e9rents moments de la mort et comment l\u2019\u00e2me arrive \u00e0 nettoyer sa vie pass\u00e9e pour pouvoir recommencer une nouvelle vie paisiblement (voir mon livre: la mort n\u2019est pas une fin).<\/p>\n\n\n<p class=\"wp-block-paragraph\" style=\"color:#3F4046;font-size:17px;line-height:1.72\">A travers des transes guid\u00e9es et des constellations, je vous ferais revivre en douceur certaines de vos morts pass\u00e9es pour que vous puissiez conscientiser et amadouer ces moments et nous travaillerons ensemble sur tous vos probl\u00e8mes karmiques ou h\u00e9r\u00e9ditaires avec la mort.<\/p>\n\n\n<p class=\"wp-block-paragraph\" style=\"color:#3F4046;font-size:17px;line-height:1.72\">Un moment d\u2019exploration unique, puissant et tr\u00e8s apaisant que je recommande \u00e0 tous ceux qui souhaitent s\u2019\u00e9lever, se purifier,&nbsp; perdre leurs peurs (notamment de la mort) et accueillir leur conscience pour s\u2019ouvrir \u00e0 la Vie. Tous ceux qui r\u00e9sistent \u00e0 la vie devraient suivre ce cours car ils comprendront enfin pourquoi ils r\u00e9sistent et pourront choisir de ne plus le faire. Tout ceux qui vivent une vie d\u2019agonie, ou de non sens devraient faire ce cours pour comprendre pourquoi ils vivent la vie ainsi.<\/p>\n\n\n<p class=\"wp-block-paragraph\" style=\"color:#3F4046;font-size:17px;line-height:1.72\"><strong>Programme<\/strong>:<\/p>\n\n\n<p class=\"wp-block-paragraph\" style=\"color:#3F4046;font-size:17px;line-height:1.72\"><span style=\"text-decoration: underline;\">1er jour<\/span> : explications des processus de mort avec pr\u00e9sentation des 5 \u00e9tapes de la mort. A quoi servent-elles, comment peuvent-elles \u00eatre bloqu\u00e9es et comment les d\u00e9bloquer? Que peut-on esp\u00e9rer d\u2019une belle mort? De nombreuses correction vous seront propos\u00e9es ce jour-l\u00e0 pour purifier votre karma et votre \u00e2me et pour lib\u00e9rer votre conscience et votre pouvoir int\u00e9rieur de ce qui les bloque. Ce magnifique travail vous aidera dans votre vie de tous les jours et dans l\u2019accomplissement de vos buts.<\/p>\n\n\n<p class=\"wp-block-paragraph\" style=\"color:#3F4046;font-size:17px;line-height:1.72\"><span style=\"text-decoration: underline;\">2\u00e8me jour<\/span> : apprentissage de la technique des constellations pour que vous soyez capables d\u2019explorer vous-m\u00eame les diff\u00e9rentes \u00e9tapes de vos morts pass\u00e9es. NB: La perception du moment de la mort n\u2019est pas essentiel \u00e0 ce travail, ce qui est essentiel c\u2019est de comprendre comment on traverse les \u00e9preuves de la mort. Ceux qui ont peur de voir des sc\u00e8nes violentes peuvent \u00eatre rassur\u00e9s, ce ne sera pas n\u00e9cessaire \u2013 mais pas interdit non plus.<\/p>\n\n\n<p class=\"wp-block-paragraph\" style=\"color:#3F4046;font-size:17px;line-height:1.72\"><span style=\"text-decoration: underline;\">3\u00e8me jour<\/span>: pendant cette journ\u00e9e vous pourrez enfin percevoir avec votre conscience vos morts et \u00e9tapes de mort pass\u00e9es et comparer ces morts. Vous verrez par votre propre exp\u00e9rience, que ce soit en constellation ou en transe guid\u00e9e, combien nous sommes fa\u00e7onn\u00e9s par nos morts pass\u00e9es et quels impacts elles ont sur notre vie actuelle. Vous verrez comment vous vous \u00eates r\u00e9incarn\u00e9s et pourquoi. Vous aurez aussi l\u2019occasion de voir les moments qui ont pr\u00e9c\u00e9d\u00e9s votre conception dans cette vie-ci! Si vous avez d\u00e9j\u00e0 fait du rebirth, vous comprendrez bien ce que je veux dire. Nous pourrons aussi, ensemble corriger les traumatismes dus \u00e0 ces morts et apaiser votre \u00e2me de mani\u00e8re durable.<\/p>\n\n\n<p class=\"wp-block-paragraph\" style=\"color:#3F4046;font-size:17px;line-height:1.72\">Ce cours rec\u00e8le de nombreuses richesses que je ne peux r\u00e9sumer en un seul descriptif. C\u2019est une exp\u00e9rience \u00e0 faire, aussi impressionnante que la marche sur le feu mais plus paisible, plus s\u00e9cure.<\/p>\n","protected":false},"excerpt":{"rendered":"<p>Dur\u00e9e3 jours, 9h-18h. Lieumon cabinet ou selon informations dans le calendrier Prix du coursCHF 600.-, repas non inclus. Pr\u00e9-requisaucun, mais si vous avez d\u00e9j\u00e0 suivi certains de mes cours, des rabais sont possibles, merci de me demander. Prochaines datesvoir&nbsp;calendrier Stage exceptionnel pour vous permettre d\u2019apprivoiser la mort en tant que ph\u00e9nom\u00e8ne immuable et incontournable de&#8230;<\/p>\n","protected":false},"author":1,"featured_media":867,"comment_status":"closed","ping_status":"open","sticky":false,"template":"","format":"aside","meta":{"_kad_post_transparent":"","_kad_post_title":"","_kad_post_layout":"","_kad_post_sidebar_id":"","_kad_post_content_style":"","_kad_post_vertical_padding":"","_kad_post_feature":"","_kad_post_feature_position":"","_kad_post_header":false,"_kad_post_footer":false,"_kad_post_classname":"","footnotes":""},"categories":[340],"tags":[363,430,360,361,362],"class_list":["post-710","post","type-post","status-publish","format-aside","has-post-thumbnail","hentry","category-stages-therapeutiques","tag-accepter","tag-la-mort-nest-pas-une-fin","tag-mort","tag-peur","tag-se-liberer","post_format-post-format-aside"],"_links":{"self":[{"href":"https:\/\/new.guerir.ch\/index.php?rest_route=\/wp\/v2\/posts\/710","targetHints":{"allow":["GET"]}}],"collection":[{"href":"https:\/\/new.guerir.ch\/index.php?rest_route=\/wp\/v2\/posts"}],"about":[{"href":"https:\/\/new.guerir.ch\/index.php?rest_route=\/wp\/v2\/types\/post"}],"author":[{"embeddable":true,"href":"https:\/\/new.guerir.ch\/index.php?rest_route=\/wp\/v2\/users\/1"}],"replies":[{"embeddable":true,"href":"https:\/\/new.guerir.ch\/index.php?rest_route=%2Fwp%2Fv2%2Fcomments&post=710"}],"version-history":[{"count":14,"href":"https:\/\/new.guerir.ch\/index.php?rest_route=\/wp\/v2\/posts\/710\/revisions"}],"predecessor-version":[{"id":4506,"href":"https:\/\/new.guerir.ch\/index.php?rest_route=\/wp\/v2\/posts\/710\/revisions\/4506"}],"wp:featuredmedia":[{"embeddable":true,"href":"https:\/\/new.guerir.ch\/index.php?rest_route=\/wp\/v2\/media\/867"}],"wp:attachment":[{"href":"https:\/\/new.guerir.ch\/index.php?rest_route=%2Fwp%2Fv2%2Fmedia&parent=710"}],"wp:term":[{"taxonomy":"category","embeddable":true,"href":"https:\/\/new.guerir.ch\/index.php?rest_route=%2Fwp%2Fv2%2Fcategories&post=710"},{"taxonomy":"post_tag","embeddable":true,"href":"https:\/\/new.guerir.ch\/index.php?rest_route=%2Fwp%2Fv2%2Ftags&post=710"}],"curies":[{"name":"wp","href":"https:\/\/api.w.org\/{rel}","templated":true}]}}