{"id":721,"date":"2018-03-05T18:49:48","date_gmt":"2018-03-05T17:49:48","guid":{"rendered":"http:\/\/www.guerir.ch\/?p=721"},"modified":"2026-09-06T00:10:35","modified_gmt":"2026-09-05T22:10:35","slug":"principes-de-guerison","status":"publish","type":"post","link":"https:\/\/new.guerir.ch\/?p=721","title":{"rendered":"Principes de gu\u00e9rison"},"content":{"rendered":"\n<div class=\"wp-block-group informations-pratiques-kad has-border-color has-background\" style=\"border-color:#E7DFCF;border-width:1px;border-radius:4px;background-color:#F5EEE1;margin-bottom:28px;padding:22px 26px\"><div class=\"wp-block-group__inner-container is-layout-constrained wp-container-core-group-is-layout-e51df799 wp-block-group-is-layout-constrained\">\n\n<p class=\"wp-block-paragraph\" style=\"color:#3F4046;margin-top:0;margin-bottom:0.5rem;font-size:15px;line-height:1.5\"><span style=\"display:inline-block;min-width:170px;padding-right:12px;vertical-align:top;color:#8C8579;font-size:12px;letter-spacing:0.09em;text-transform:uppercase;font-weight:600\">Dur\u00e9e<\/span>2 jours, 9h-18h.<\/p>\n\n<p class=\"wp-block-paragraph\" style=\"color:#3F4046;margin-top:0;margin-bottom:0.5rem;font-size:15px;line-height:1.5\"><span style=\"display:inline-block;min-width:170px;padding-right:12px;vertical-align:top;color:#8C8579;font-size:12px;letter-spacing:0.09em;text-transform:uppercase;font-weight:600\">Lieu<\/span>mon cabinet.<\/p>\n\n<p class=\"wp-block-paragraph\" style=\"color:#3F4046;margin-top:0;margin-bottom:0.5rem;font-size:15px;line-height:1.5\"><span style=\"display:inline-block;min-width:170px;padding-right:12px;vertical-align:top;color:#8C8579;font-size:12px;letter-spacing:0.09em;text-transform:uppercase;font-weight:600\">Prix du cours<\/span>CHF 400.- pour le week end, repas non inclus.<\/p>\n\n<p class=\"wp-block-paragraph\" style=\"color:#3F4046;margin-top:0;margin-bottom:0.5rem;font-size:15px;line-height:1.5\"><span style=\"display:inline-block;min-width:170px;padding-right:12px;vertical-align:top;color:#8C8579;font-size:12px;letter-spacing:0.09em;text-transform:uppercase;font-weight:600\">Pr\u00e9-requis<\/span>aucun, le livre le r\u00e9veil de votre puissance vous sera offert comme support de cours pendant le cours!<\/p>\n\n<p class=\"wp-block-paragraph\" style=\"color:#3F4046;margin-top:0;margin-bottom:0.5rem;font-size:15px;line-height:1.5\"><span style=\"display:inline-block;min-width:170px;padding-right:12px;vertical-align:top;color:#8C8579;font-size:12px;letter-spacing:0.09em;text-transform:uppercase;font-weight:600\">Prochaines dates<\/span><strong><a href=\"http:\/\/www.guerir.ch\/calendrier\/\">voir&nbsp;calendrier<\/a><\/strong><\/p>\n<\/div><\/div>\n\n\n<p class=\"wp-block-paragraph\" style=\"color:#3F4046;font-size:17px;line-height:1.72\">Vous d\u00e9couvrirez dans ce cours&nbsp;comment il est possible d\u2019effacer ce que j\u2019appelle nos structures de cr\u00e9ation et comment on peut ainsi se gu\u00e9rir et gu\u00e9rir les autres.<\/p>\n\n\n<p class=\"wp-block-paragraph\" style=\"color:#3F4046;font-size:17px;line-height:1.72\">Nous somme les cr\u00e9ateurs de notre vie, enti\u00e8rement, totalement. Nous vivons en interaction avec les autres et bien s\u00fbr leurs histoires affectent notre histoire mais toutes nos actions, nos chances et malchances, nos accidents et maladies, notre psychisme et nos \u00e9motions sont sous le contr\u00f4le de ces structures cr\u00e9atives qui constituent les briques de notre cr\u00e9ation. Parmi elles, les croyances, les logiques, les sch\u00e9mas, les m\u00e9moires traumatiques, les interdits\u2026<\/p>\n\n\n<p class=\"wp-block-paragraph\" style=\"color:#3F4046;font-size:17px;line-height:1.72\">Vous pourrez constater comment ces structures cr\u00e9ent, comme elles manipulent notre destin\u00e9e, notre sant\u00e9, notre psychisme. Et vous apprendrez \u00e0 les rep\u00e9rer et \u00e0 les effacer.<\/p>\n\n\n<p class=\"wp-block-paragraph\" style=\"color:#3F4046;font-size:17px;line-height:1.72\">Au programme :<\/p>\n\n\n<ul class=\"wp-block-list\">\n<li>Les structures cr\u00e9atives<\/li>\n\n<li>les effacements<\/li>\n\n<li>l\u2019expression comme outil th\u00e9rapeutique<\/li>\n\n<li>l\u2019ombre<\/li>\n\n<li>les strat\u00e9gies de d\u00e9fense<\/li>\n\n<li>mise en application, protocoles de soins<\/li>\n<\/ul>\n\n\n<p class=\"wp-block-paragraph\" style=\"color:#3F4046;font-size:17px;line-height:1.72\">En faisant tous les effacements propos\u00e9s, vous vivrez un puissant&nbsp;nettoyage int\u00e9rieur. Cette purification vous donnera les moyens de changer en profondeur et d\u2019une mani\u00e8re ad\u00e9quate. Vous prendrez confiance en vous et vous r\u00e9aliserez la simplicit\u00e9 de l\u2019acte de gu\u00e9rison et de transformation.<\/p>\n\n\n<p class=\"wp-block-paragraph\" style=\"color:#3F4046;font-size:17px;line-height:1.72\">Vous deviendrez capable de r\u00e9soudre un grand nombre de probl\u00e8mes du quotidien. Et toutes ces corrections vous seront indispensables pour suivre mes autres cours.<\/p>\n\n\n<p class=\"wp-block-paragraph\" style=\"color:#3F4046;font-size:17px;line-height:1.72\">Vous pourrez comprendre comment nous cr\u00e9ons et comment ce processus est essentiellement inconscient. En devenant plus conscient, vous pourrez trouver les causes premi\u00e8res de vos probl\u00e8mes.<\/p>\n\n\n<p class=\"wp-block-paragraph\" style=\"color:#3F4046;font-size:17px;line-height:1.72\">Vous d\u00e9couvrirez aussi comment l\u2019expression peut \u00eatre th\u00e9rapeutique et comment elle peut&nbsp;vous&nbsp;aider \u00e0 compl\u00e9ter les effacements pour obtenir une efficacit\u00e9 optimale sur les plans \u00e9motionnels, physiques et mentaux.<\/p>\n\n\n<p class=\"wp-block-paragraph\" style=\"color:#3F4046;font-size:17px;line-height:1.72\">Vous pourrez ainsi utiliser cette m\u00e9thode facilement dans votre vie, avec vos proches ou avec&nbsp;vos patients.<\/p>\n","protected":false},"excerpt":{"rendered":"<p>Dur\u00e9e2 jours, 9h-18h. Lieumon cabinet. Prix du coursCHF 400.- pour le week end, repas non inclus. Pr\u00e9-requisaucun, le livre le r\u00e9veil de votre puissance vous sera offert comme support de cours pendant le cours! Prochaines datesvoir&nbsp;calendrier Vous d\u00e9couvrirez dans ce cours&nbsp;comment il est possible d\u2019effacer ce que j\u2019appelle nos structures de cr\u00e9ation et comment on&#8230;<\/p>\n","protected":false},"author":1,"featured_media":867,"comment_status":"closed","ping_status":"open","sticky":false,"template":"","format":"aside","meta":{"_kad_post_transparent":"","_kad_post_title":"","_kad_post_layout":"","_kad_post_sidebar_id":"","_kad_post_content_style":"","_kad_post_vertical_padding":"","_kad_post_feature":"","_kad_post_feature_position":"","_kad_post_header":false,"_kad_post_footer":false,"_kad_post_classname":"","footnotes":""},"categories":[18],"tags":[353,364,31,60,365,354],"class_list":["post-721","post","type-post","status-publish","format-aside","has-post-thumbnail","hentry","category-cours-individuels","tag-changement","tag-creation-de-vie","tag-effacements","tag-guerison","tag-maladie","tag-transformation","post_format-post-format-aside"],"_links":{"self":[{"href":"https:\/\/new.guerir.ch\/index.php?rest_route=\/wp\/v2\/posts\/721","targetHints":{"allow":["GET"]}}],"collection":[{"href":"https:\/\/new.guerir.ch\/index.php?rest_route=\/wp\/v2\/posts"}],"about":[{"href":"https:\/\/new.guerir.ch\/index.php?rest_route=\/wp\/v2\/types\/post"}],"author":[{"embeddable":true,"href":"https:\/\/new.guerir.ch\/index.php?rest_route=\/wp\/v2\/users\/1"}],"replies":[{"embeddable":true,"href":"https:\/\/new.guerir.ch\/index.php?rest_route=%2Fwp%2Fv2%2Fcomments&post=721"}],"version-history":[{"count":4,"href":"https:\/\/new.guerir.ch\/index.php?rest_route=\/wp\/v2\/posts\/721\/revisions"}],"predecessor-version":[{"id":4487,"href":"https:\/\/new.guerir.ch\/index.php?rest_route=\/wp\/v2\/posts\/721\/revisions\/4487"}],"wp:featuredmedia":[{"embeddable":true,"href":"https:\/\/new.guerir.ch\/index.php?rest_route=\/wp\/v2\/media\/867"}],"wp:attachment":[{"href":"https:\/\/new.guerir.ch\/index.php?rest_route=%2Fwp%2Fv2%2Fmedia&parent=721"}],"wp:term":[{"taxonomy":"category","embeddable":true,"href":"https:\/\/new.guerir.ch\/index.php?rest_route=%2Fwp%2Fv2%2Fcategories&post=721"},{"taxonomy":"post_tag","embeddable":true,"href":"https:\/\/new.guerir.ch\/index.php?rest_route=%2Fwp%2Fv2%2Ftags&post=721"}],"curies":[{"name":"wp","href":"https:\/\/api.w.org\/{rel}","templated":true}]}}