{"id":78,"date":"2012-08-12T15:18:13","date_gmt":"2012-08-12T13:18:13","guid":{"rendered":"http:\/\/www.guerir.ch\/wordpress\/?p=78"},"modified":"2017-01-05T12:07:12","modified_gmt":"2017-01-05T11:07:12","slug":"structures-creatives-1","status":"publish","type":"post","link":"https:\/\/new.guerir.ch\/?p=78","title":{"rendered":"Structures cr\u00e9atives 1"},"content":{"rendered":"<p><strong>Dur\u00e9e<\/strong>: 1 jour, 9h-18h.<\/p>\n<p><strong>Lieu<\/strong>: mon cabinet.<\/p>\n<p><strong>Prix du cours<\/strong>: CHF 230.- pour le week end, repas non inclus.<\/p>\n<p><strong>Pr\u00e9-requis<\/strong>: lecture du livre \u00ab\u00a0Le R\u00e9veil de votre Puissance\u00a0\u00bb qui vous sera envoy\u00e9 en format PDF d\u00e8s paiement de votre inscription au cours.<\/p>\n<p><strong>Prochaines dates<\/strong>:\u00a0<strong><a href=\"http:\/\/www.guerir.ch\/calendrier\/\">voir\u00a0calendrier<\/a><\/strong><\/p>\n<p>Apr\u00e8s avoir d\u00e9couvert comment effacer nos structures de cr\u00e9ation\u00a0dans le livre \u00ab\u00a0Le R\u00e9veil de votre Puissance\u00a0\u00bb, vous\u00a0apprendrez dans ce cours \u00e0 appliquer ces corrections de mani\u00e8re concr\u00e8te, au travers de divers exercices. Vous pourrez ainsi utiliser cette m\u00e9thode facilement dans votre vie, avec vos proches ou avec\u00a0vos patients.<\/p>\n<p>En faisant tous les effacements propos\u00e9s dans le livre, vous vivrez un puissant\u00a0nettoyage int\u00e9rieur. Cette purification vous donnera les moyens de changer en profondeur et d&rsquo;une mani\u00e8re ad\u00e9quate. Vous prendrez confiance en vous et vous r\u00e9aliserez la simplicit\u00e9 de l&rsquo;acte de gu\u00e9rison et de transformation.<\/p>\n<p>Vous deviendrez capable de r\u00e9soudre un grand nombre de probl\u00e8mes du quotidien. Et toutes ces corrections vous seront indispensables pour suivre mes autres cours.<\/p>\n<p>Vous pourrez comprendre comment nous cr\u00e9ons et comment ce processus est essentiellement inconscient. En devenant plus conscient, vous pourrez trouver les causes premi\u00e8res de vos probl\u00e8mes.<\/p>\n<p>Vous d\u00e9couvrirez aussi comment l&rsquo;expression peut \u00eatre th\u00e9rapeutique et comment elle peut\u00a0vous\u00a0aider \u00e0 compl\u00e9ter les effacements pour obtenir une efficacit\u00e9 optimale sur les plans \u00e9motionnels, physiques et mentaux.<\/p>\n<p>&nbsp;<\/p>\n","protected":false},"excerpt":{"rendered":"<p>Dur\u00e9e: 1 jour, 9h-18h. Lieu: mon cabinet. Prix du cours: CHF 230.- pour le week end, repas non inclus. Pr\u00e9-requis: lecture du livre \u00ab\u00a0Le R\u00e9veil de votre Puissance\u00a0\u00bb qui vous sera envoy\u00e9 en format PDF d\u00e8s paiement de votre inscription au cours. Prochaines dates:\u00a0voir\u00a0calendrier Apr\u00e8s avoir d\u00e9couvert comment effacer nos structures de cr\u00e9ation\u00a0dans le livre&#8230;<\/p>\n","protected":false},"author":1,"featured_media":0,"comment_status":"closed","ping_status":"closed","sticky":false,"template":"","format":"aside","meta":{"_kad_post_transparent":"","_kad_post_title":"","_kad_post_layout":"","_kad_post_sidebar_id":"","_kad_post_content_style":"","_kad_post_vertical_padding":"","_kad_post_feature":"","_kad_post_feature_position":"","_kad_post_header":false,"_kad_post_footer":false,"_kad_post_classname":"","footnotes":""},"categories":[18],"tags":[36,272,270,275,33,85,284,280,31,281,60,278,285,277,32,283,276,282,273,279,253,274],"class_list":["post-78","post","type-post","status-publish","format-aside","hentry","category-cours-individuels","tag-blessures","tag-certitudes","tag-conditionnement","tag-convictions","tag-corrections","tag-croyances","tag-decisions","tag-deprogrammation","tag-effacements","tag-formation-continue","tag-guerison","tag-illusions","tag-interdits","tag-logiques","tag-outils","tag-pouvoir-creatif","tag-prejuges","tag-prise-de-conscience","tag-savoirs","tag-schemas-repetitifs","tag-therapie","tag-verites","post_format-post-format-aside"],"_links":{"self":[{"href":"https:\/\/new.guerir.ch\/index.php?rest_route=\/wp\/v2\/posts\/78","targetHints":{"allow":["GET"]}}],"collection":[{"href":"https:\/\/new.guerir.ch\/index.php?rest_route=\/wp\/v2\/posts"}],"about":[{"href":"https:\/\/new.guerir.ch\/index.php?rest_route=\/wp\/v2\/types\/post"}],"author":[{"embeddable":true,"href":"https:\/\/new.guerir.ch\/index.php?rest_route=\/wp\/v2\/users\/1"}],"replies":[{"embeddable":true,"href":"https:\/\/new.guerir.ch\/index.php?rest_route=%2Fwp%2Fv2%2Fcomments&post=78"}],"version-history":[{"count":14,"href":"https:\/\/new.guerir.ch\/index.php?rest_route=\/wp\/v2\/posts\/78\/revisions"}],"predecessor-version":[{"id":659,"href":"https:\/\/new.guerir.ch\/index.php?rest_route=\/wp\/v2\/posts\/78\/revisions\/659"}],"wp:attachment":[{"href":"https:\/\/new.guerir.ch\/index.php?rest_route=%2Fwp%2Fv2%2Fmedia&parent=78"}],"wp:term":[{"taxonomy":"category","embeddable":true,"href":"https:\/\/new.guerir.ch\/index.php?rest_route=%2Fwp%2Fv2%2Fcategories&post=78"},{"taxonomy":"post_tag","embeddable":true,"href":"https:\/\/new.guerir.ch\/index.php?rest_route=%2Fwp%2Fv2%2Ftags&post=78"}],"curies":[{"name":"wp","href":"https:\/\/api.w.org\/{rel}","templated":true}]}}