{"id":89,"date":"2012-08-12T16:09:46","date_gmt":"2012-08-12T14:09:46","guid":{"rendered":"http:\/\/www.guerir.ch\/wordpress\/?p=89"},"modified":"2026-09-05T23:16:59","modified_gmt":"2026-09-05T21:16:59","slug":"developpement-personnel","status":"publish","type":"post","link":"https:\/\/new.guerir.ch\/?p=89","title":{"rendered":"Developpement personnel"},"content":{"rendered":"<p>Si vous souhaitez surtout vous d\u00e9velopper spirituellement et acqu\u00e9rir plus de paix int\u00e9rieure, vivre le moment pr\u00e9sent, magnifier les forces positives en vous, vous pouvez soit venir dans mon cabinet pour des s\u00e9ances individuelles soit suivre mes cours ou les 2.<\/p>\n<p>Les cours sont une voie rapide et efficace pour se d\u00e9velopper int\u00e9rieurement.<\/p>\n<p>Apr\u00e8s avoir lu mon livre et avoir suivi le cours <a title=\"Structures cr\u00e9atives 1\" href=\"http:\/\/www.guerir.ch\/wordpress\/?p=78\">Structures cr\u00e9atives 1<\/a> qui est obligatoire, sentez vous libres de choisir le cours qui vous pla\u00eet le plus, qui vous appelle le plus. Je trouve qu&rsquo;il faut toujours se fier \u00e0 son instinct.<\/p>\n<p>Voici trois cours qui me semblent essentiels:<\/p>\n<p style=\"padding-left: 30px;\"><em>Le cours sur le <a title=\"Le Hara: centre d\u2019\u00e9quilibre et force de vie\" href=\"http:\/\/www.guerir.ch\/wordpress\/?p=99\">Hara<\/a> est une \u00e9tape majeure et importante de votre d\u00e9veloppement int\u00e9rieur. En particulier si vous avez des probl\u00e8mes d&rsquo;ancrage, de mal de vivre, de manque de cr\u00e9ativit\u00e9, de probl\u00e8me sexuel, ou des difficult\u00e9s avec le monde mat\u00e9riel comme l&rsquo;argent, la s\u00e9curit\u00e9, le foyer, la famille, la sant\u00e9.<\/em><\/p>\n<p style=\"padding-left: 30px;\"><em>Dans notre soci\u00e9t\u00e9 o\u00f9 les sentiments sont souvent exacerb\u00e9s, le cours <a title=\"Calme \u00e9motionnel\" href=\"http:\/\/www.guerir.ch\/wordpress\/?p=132\">Calme \u00e9motionnel<\/a> vous sera d&rsquo;un pr\u00e9cieux secours pour vous apaiser et pour sortir des schemas relationnels toxiques. La transformation qui s&rsquo;ensuivra vous sera b\u00e9n\u00e9fique longtemps.<\/em><\/p>\n<p style=\"padding-left: 30px;\"><em>Ce cours sera id\u00e9alement compl\u00e9t\u00e9 par le cours sur le <a title=\"Calme mental\" href=\"http:\/\/www.guerir.ch\/wordpress\/?p=134\">Calme mental<\/a> qui prolongera ce mouvement de paix int\u00e9rieure.<\/em><\/p>\n<p>Ci-dessous quelques cocktails de cours class\u00e9s en fonction de vos besoins (la liste n&rsquo;est pas exhaustive). Le panachage des cours peut varier en fonction des personnes, si avez besoin d&rsquo;un avis, n&rsquo;h\u00e9sitez pas \u00e0 me <a title=\"Contact\" href=\"http:\/\/www.guerir.ch\/wordpress\/?page_id=12\">demander<\/a>.<\/p>\n<p><strong>Combinaisons optimales<\/strong>:<\/p>\n<p>Vivre le moment pr\u00e9sent et l\u00e2cher prise:<\/p>\n<blockquote><p><em>Structures cr\u00e9atives 1, structures cr\u00e9atives 2, Hara, Calme \u00e9motionnel, Calme mental.<\/em><\/p><\/blockquote>\n<p>Etre plus conscient:<\/p>\n<blockquote><p><em>Structures cr\u00e9atives 1, structures cr\u00e9atives 2, Calme mental, Travail sur la conscience et les perceptions, expression th\u00e9rapeutique, Intelligence et apprentissage, Travail sur les m\u00e9moires et traumatismes pass\u00e9s, Identit\u00e9s, Anc\u00eatres et h\u00e9ritages.<\/em><\/p><\/blockquote>\n<p>Cr\u00e9ativit\u00e9:<\/p>\n<blockquote><p><em>Structures cr\u00e9atives 1, structures cr\u00e9atives 2, Hara, Intelligence et apprentissage, Travail sur la conscience et les perceptions, Calme mental, Chakras 1 et 2.<\/em><\/p><\/blockquote>\n<p>Ancrage physique:<\/p>\n<blockquote><p><em>Structures cr\u00e9atives 1, structures cr\u00e9atives 2, Hara, Chakras 1.<\/em><\/p><\/blockquote>\n<p>Transformer sa vie:<\/p>\n<blockquote><p><em>Tous les cours le font.<\/em><\/p><\/blockquote>\n<p>Gu\u00e9rison physique:<\/p>\n<blockquote><p><em>Structures cr\u00e9atives 1, structures cr\u00e9atives 2, Hara, Expression th\u00e9rapeutique, Anc\u00eatres et h\u00e9ritages, Travail sur les m\u00e9moires et traumatismes du pass\u00e9, Identit\u00e9s.<\/em><\/p><\/blockquote>\n<p>Pr\u00e9paration sportive:<\/p>\n<blockquote><p><em>Structures cr\u00e9atives\u00a01 et 2, Hara,\u00a0Expression th\u00e9rapeutique, Calme \u00e9motionnel, Calme mental, Intelligence et apprentissage.<\/em><\/p><\/blockquote>\n<p>Probl\u00e8mes familliaux et relationnels, probl\u00e8mes amoureux:<\/p>\n<blockquote><p><a title=\"Trouver l\u2019amour, gu\u00e9rir ses relations et s\u2019aimer soi-m\u00eame\" href=\"http:\/\/www.guerir.ch\/trouver-lamour-guerir-ses-relations-et-saimer-soi-meme\/\"><em>Trouver l\u2019amour, gu\u00e9rir ses relations et s\u2019aimer soi-m\u00eame<\/em><\/a><\/p><\/blockquote>\n<p>Concr\u00e9tiser ses projets, ses r\u00eaves, probl\u00e8mes de travail:<\/p>\n<blockquote><p><a title=\"Transformez votre vie professionnelle\" href=\"http:\/\/www.guerir.ch\/transformez-votre-vie-professionnelle\/\"><span style=\"font-style: normal;\">Transformez votre vie professionnelle<\/span><\/a><\/p>\n<p>&nbsp;<\/p>\n<p>&nbsp;<\/p><\/blockquote>\n","protected":false},"excerpt":{"rendered":"<p>Si vous souhaitez surtout vous d\u00e9velopper spirituellement et acqu\u00e9rir plus de paix int\u00e9rieure, vivre le moment pr\u00e9sent, magnifier les forces positives en vous, vous pouvez soit venir dans mon cabinet pour des s\u00e9ances individuelles soit suivre mes cours ou les 2. Les cours sont une voie rapide et efficace pour se d\u00e9velopper int\u00e9rieurement. Apr\u00e8s avoir&#8230;<\/p>\n","protected":false},"author":1,"featured_media":867,"comment_status":"closed","ping_status":"closed","sticky":false,"template":"","format":"standard","meta":{"_kad_post_transparent":"","_kad_post_title":"","_kad_post_layout":"","_kad_post_sidebar_id":"","_kad_post_content_style":"","_kad_post_vertical_padding":"","_kad_post_feature":"","_kad_post_feature_position":"","_kad_post_header":false,"_kad_post_footer":false,"_kad_post_classname":"","footnotes":""},"categories":[18],"tags":[30,265,264,29],"class_list":["post-89","post","type-post","status-publish","format-standard","has-post-thumbnail","hentry","category-cours-individuels","tag-a-la-carte","tag-cours-a-choix","tag-cours-individuels-2","tag-developpement-personnel"],"_links":{"self":[{"href":"https:\/\/new.guerir.ch\/index.php?rest_route=\/wp\/v2\/posts\/89","targetHints":{"allow":["GET"]}}],"collection":[{"href":"https:\/\/new.guerir.ch\/index.php?rest_route=\/wp\/v2\/posts"}],"about":[{"href":"https:\/\/new.guerir.ch\/index.php?rest_route=\/wp\/v2\/types\/post"}],"author":[{"embeddable":true,"href":"https:\/\/new.guerir.ch\/index.php?rest_route=\/wp\/v2\/users\/1"}],"replies":[{"embeddable":true,"href":"https:\/\/new.guerir.ch\/index.php?rest_route=%2Fwp%2Fv2%2Fcomments&post=89"}],"version-history":[{"count":8,"href":"https:\/\/new.guerir.ch\/index.php?rest_route=\/wp\/v2\/posts\/89\/revisions"}],"predecessor-version":[{"id":561,"href":"https:\/\/new.guerir.ch\/index.php?rest_route=\/wp\/v2\/posts\/89\/revisions\/561"}],"wp:featuredmedia":[{"embeddable":true,"href":"https:\/\/new.guerir.ch\/index.php?rest_route=\/wp\/v2\/media\/867"}],"wp:attachment":[{"href":"https:\/\/new.guerir.ch\/index.php?rest_route=%2Fwp%2Fv2%2Fmedia&parent=89"}],"wp:term":[{"taxonomy":"category","embeddable":true,"href":"https:\/\/new.guerir.ch\/index.php?rest_route=%2Fwp%2Fv2%2Fcategories&post=89"},{"taxonomy":"post_tag","embeddable":true,"href":"https:\/\/new.guerir.ch\/index.php?rest_route=%2Fwp%2Fv2%2Ftags&post=89"}],"curies":[{"name":"wp","href":"https:\/\/api.w.org\/{rel}","templated":true}]}}