{"id":943,"date":"2019-04-30T11:29:27","date_gmt":"2019-04-30T09:29:27","guid":{"rendered":"http:\/\/www.guerir.ch\/?p=943"},"modified":"2021-03-16T13:31:45","modified_gmt":"2021-03-16T12:31:45","slug":"au-dela-de-vos-croyances-la-verite-et-la-magie","status":"publish","type":"post","link":"https:\/\/new.guerir.ch\/?p=943","title":{"rendered":"Au-del\u00e0 de vos croyances : la v\u00e9rit\u00e9 et la magie"},"content":{"rendered":"\n<p class=\"wp-block-paragraph\">La v\u00e9rit\u00e9, habituellement ce sont les faits, les faits de nos exp\u00e9riences, en particulier celles qui se r\u00e9p\u00e8tent toujours, par exemple :&nbsp;<em>le soleil se l\u00e8ve \u00e0 l\u2019est<\/em>.<\/p>\n\n\n\n<p class=\"wp-block-paragraph\">Parfois on croit que quelque chose est la v\u00e9rit\u00e9 mais on peut d\u00e9couvrir que ce n\u2019est pas le cas :&nbsp;<em>la terre est plate<\/em>.<\/p>\n\n\n\n<p class=\"wp-block-paragraph\">Et puis il y a les faits improbables que nous refusons de consid\u00e9rer comme v\u00e9rit\u00e9 :&nbsp;<em>marcher sur les braises<\/em>.<\/p>\n\n\n\n<p class=\"wp-block-paragraph\">Nous sommes pourtant tr\u00e8s souvent t\u00e9moin dans notre vie de petits miracles : miracles de gu\u00e9rison, miracles de magiciens, miracles d\u2019athl\u00e8tes, miracles de la science. Et du coup, nous devons adapter nos croyances. Car ce sont nos croyances qui d\u00e9finissent malheureusement la fronti\u00e8re entre possible et impossible.<\/p>\n\n\n\n<p class=\"wp-block-paragraph\">En lib\u00e9rant votre conscience et votre pens\u00e9e des croyances, ces petits programmes aga\u00e7ants, vous d\u00e9couvrirez que de nombreuses choses sont possibles. Moi, par exemple, j\u2019ai eu un doigt de pied raccourci par les entit\u00e9s spirituelles d\u2019un gu\u00e9risseur br\u00e9silien. Et puis j\u2019ai \u00e9t\u00e9 op\u00e9r\u00e9 de multiples fois avec d\u2019excellents r\u00e9sultats par un gu\u00e9risseur philippin qui pouvait mettre ses doigts dans le corps des gens sans douleur, ni anesth\u00e9sie.<\/p>\n\n\n\n<p class=\"wp-block-paragraph\">On croit trop souvent qu\u2019on doit croire pour pouvoir vivre des choses exceptionnelles. En fait, il faut plut\u00f4t ne pas avoir de croyance. \u00ab&nbsp;<em>Ne pas croire : qu\u2019on ne peut pas \u00bb&nbsp;<\/em>par exemple, ou \u00ab&nbsp;<em>ne pas croire : que ce n\u2019est pas possible \u00bb<\/em>.<\/p>\n\n\n\n<p class=\"wp-block-paragraph\">Aurais-je pu \u00eatre aid\u00e9 par ces gu\u00e9risseurs si mes croyances avaient dict\u00e9 ma conduite, si elles m\u2019avaient pouss\u00e9 \u00e0 ignorer ces possibilit\u00e9s, \u00e0 les juger impossibles? Certainement pas. Le premier aspect, donc, des croyances, c\u2019est qu\u2019elles vont nous dicter notre conduite, bloquer ou orienter nos actions par la force de notre pens\u00e9e et de nos \u00e9motions.<\/p>\n\n\n\n<p class=\"wp-block-paragraph\">Le second aspect des croyances est celui de briques \u00e9l\u00e9mentaires, d\u2019atomes de la pens\u00e9e ou de la cr\u00e9ation. La croyance \u00ab je suis nul \u00bb ou \u00ab je ne peux pas changer cela \u00bb oriente votre vie, vos exp\u00e9riences de mani\u00e8re \u00e0 ce qu\u2019elles se v\u00e9rifient sans cesse. Pour percevoir cela, je vais essayer de vous faire faire une petite exp\u00e9rience. L\u2019exp\u00e9rience \u00e9tant votre meilleur atout, rien ne vaut un petit exercice pour comprendre ce que je veux dire.<\/p>\n\n\n\n<p class=\"wp-block-paragraph\">Je dois d\u2019abord vous apprendre \u00e0 effacer. Car, OUI, il est possible d\u2019effacer vos croyances, comme vous effacez un programme sur votre ordinateur. C\u2019est tr\u00e8s facile. Il faut juste essayer.<\/p>\n\n\n\n<p class=\"wp-block-paragraph\">Essayez de penser ainsi : vous \u00eates le ma\u00eetre de votre corps et de votre \u00e9nergie, vous \u00eates une \u00e2me et une conscience et vous pouvez cr\u00e9er ou d\u00e9-cr\u00e9er. Certes, vous avez \u00e9t\u00e9 conditionn\u00e9 (h\u00e9r\u00e9dit\u00e9, soci\u00e9t\u00e9) \u00e0 croire que vous \u00e9tiez impuissant ou incapable de vous modifier, de vous changer ou d\u2019effacer ce qui vous d\u00e9pla\u00eet. Or ceci n\u2019est pas vrai, ce sont toujours des croyances. Voici un premier exercice qui vous permettra de retrouver votre vraie puissance. Je vous propose de dire \u00e0 haute voix, en ayant le d\u00e9sir sinc\u00e8re que \u00e7a marche, la phrase suivante : \u00ab J\u2019efface toutes les croyances de tous types qui me font croire que je ne suis rien, que je ne suis pas puissant, que je ne peux pas me changer, que je ne peux pas me contr\u00f4ler, m\u2019aider ou me transformer comme je le souhaite, que je ne peux pas effacer et j\u2019efface toutes mes croyances de ce type partout o\u00f9 elles existent \u00bb.<\/p>\n\n\n\n<p class=\"wp-block-paragraph\">Parfait. Vous avez appris \u00e0 effacer. Vous allez rire car en fait, c\u2019est un tr\u00e8s vieil outil, un outil que vous connaissez. Habituellement vous appelez cela l\u2019oubli. Votre limitation consiste \u00e0 croire que c\u2019est un processus inconscient alors qu\u2019en fait, il peut tout \u00e0 fait \u00eatre utilis\u00e9 consciemment.<\/p>\n\n\n\n<p class=\"wp-block-paragraph\"><strong>Exercice pour lib\u00e9rer son mental<\/strong><\/p>\n\n\n\n<p class=\"wp-block-paragraph\">Le mental est un outil formidable mais d\u2019une mani\u00e8re g\u00e9n\u00e9rale il faut bien reconna\u00eetre que nous pensons trop. La plupart des gens ne sont pas capable d\u2019arr\u00eater leurs pens\u00e9es volontairement pendant une minute. Essayez pour voir. Mettez un chronom\u00e8tre et essayez de ne pas penser le plus longtemps possible. D\u00e8s qu\u2019une pens\u00e9e surgit, stoppez le chronom\u00e8tre. Vous allez le constater : nous avons beaucoup moins de contr\u00f4le sur notre mental que sur notre corps! On peut beaucoup plus facilement s\u2019emp\u00eacher de manger, de faire pipi ou de dormir.<\/p>\n\n\n\n<p class=\"wp-block-paragraph\">Pourquoi est-ce ainsi? Y avez-vous d\u00e9j\u00e0 r\u00e9fl\u00e9chi?<br>Je vais vous proposer un exercice pour vous redonner plus de contr\u00f4le sur votre esprit tout en vous montrant que la cause principale de ce bug est \u00e0 chercher dans nos croyances.<\/p>\n\n\n\n<p class=\"wp-block-paragraph\">Dites \u00e0 haute voix : \u00ab je dois croire \u00bb et \u00e9coutez si cela sonne vrai ou faux. Le faux est un absolu, c\u2019est 0; le vrai est une gradation de 1 \u00e0 10. Puis dites aussi \u00ab je dois penser \u00bb, \u00ab je dois penser tout le temps \u00bb, \u00ab je dois r\u00e9fl\u00e9chir \u00bb, \u00ab je dois toujours r\u00e9fl\u00e9chir \u00bb. Et notez vos r\u00e9sultats.<\/p>\n\n\n\n<p class=\"wp-block-paragraph\">Vous pouvez ainsi mesurer votre conditionnement, car il s\u2019agit bien d\u2019un conditionnement familial et social et rien d\u2019autre.<\/p>\n\n\n\n<p class=\"wp-block-paragraph\">Pour vous en lib\u00e9rer, dites \u00e0 haute voix: \u00ab j\u2019efface toutes mes croyances et conceptions comme quoi je dois penser sans arr\u00eat, comme quoi je dois croire, comme quoi je dois r\u00e9fl\u00e9chir sans arr\u00eat, qu\u2019il faut le faire, que j\u2019y suis oblig\u00e9, que c\u2019est toujours n\u00e9cessaire, que ce sont mes meilleurs outils, qu\u2019il n\u2019y a rien d\u2019autre de mieux, que je n\u2019ai pas le choix, que je ne peux pas arr\u00eater mon esprit et ma pens\u00e9e, que penser sans arr\u00eat est le propre de l\u2019homme et j\u2019efface tout cela et toutes les croyances similaires partout o\u00f9 c\u2019est n\u00e9cessaire pour me lib\u00e9rer de ces conditionnements. \u00bb<\/p>\n\n\n\n<p class=\"wp-block-paragraph\">Qu\u2019est-ce que cela vous fait? Ressentez-vous quelque chose? Une d\u00e9tente? De la confusion? De la l\u00e9g\u00e8ret\u00e9? De la gaiet\u00e9? C\u2019est que cela fonctionne. Laissez passer ce moment de processus et regardez ensuite si vous arrivez \u00e0 mieux contr\u00f4ler votre mental. Accueillez les autres croyances qui sont en vous \u00e0 ce sujet et effacez-les aussi avec une phrase similaire. Faites le durant toute la journ\u00e9e.<\/p>\n\n\n\n<p class=\"wp-block-paragraph\">Le lendemain, testez-vous \u00e0 nouveau avec les phrases: \u00ab je dois croire, penser ou r\u00e9fl\u00e9chir \u00bb et v\u00e9rifiez leur niveau de v\u00e9rit\u00e9 sans regarder vos r\u00e9sultats du jour d\u2019avant. Si ces niveaux ont baiss\u00e9 c\u2019est qu\u2019il s\u2019est pass\u00e9 quelque chose. Apr\u00e8s, il suffit de profiter de ce rel\u00e2chement mental pour d\u00e9couvrir que&nbsp;<strong>le mental n\u2019est pas la quintessence de notre \u00eatre mais seulement un outil<\/strong>, un outil&nbsp;<strong>pour percevoir le monde et non pour le contr\u00f4ler<\/strong>.<\/p>\n\n\n\n<p class=\"wp-block-paragraph\">Publi\u00e9 dans Recto Verseau 2018.<\/p>\n","protected":false},"excerpt":{"rendered":"<p>La v\u00e9rit\u00e9, habituellement ce sont les faits, les faits de nos exp\u00e9riences, en particulier celles qui se r\u00e9p\u00e8tent toujours, par exemple :&nbsp;le soleil se l\u00e8ve \u00e0 l\u2019est. Parfois on croit que quelque chose est la v\u00e9rit\u00e9 mais on peut d\u00e9couvrir que ce n\u2019est pas le cas :&nbsp;la terre est plate. Et puis il y a&#8230;<\/p>\n","protected":false},"author":1,"featured_media":0,"comment_status":"closed","ping_status":"open","sticky":false,"template":"","format":"aside","meta":{"_kad_post_transparent":"","_kad_post_title":"","_kad_post_layout":"","_kad_post_sidebar_id":"","_kad_post_content_style":"","_kad_post_vertical_padding":"","_kad_post_feature":"","_kad_post_feature_position":"","_kad_post_header":false,"_kad_post_footer":false,"_kad_post_classname":"","footnotes":""},"categories":[366],"tags":[85,58,31,370,368,369],"class_list":["post-943","post","type-post","status-publish","format-aside","hentry","category-mes-publications","tag-croyances","tag-decouverte-de-soi","tag-effacements","tag-faits","tag-magie","tag-verite","post_format-post-format-aside"],"_links":{"self":[{"href":"https:\/\/new.guerir.ch\/index.php?rest_route=\/wp\/v2\/posts\/943","targetHints":{"allow":["GET"]}}],"collection":[{"href":"https:\/\/new.guerir.ch\/index.php?rest_route=\/wp\/v2\/posts"}],"about":[{"href":"https:\/\/new.guerir.ch\/index.php?rest_route=\/wp\/v2\/types\/post"}],"author":[{"embeddable":true,"href":"https:\/\/new.guerir.ch\/index.php?rest_route=\/wp\/v2\/users\/1"}],"replies":[{"embeddable":true,"href":"https:\/\/new.guerir.ch\/index.php?rest_route=%2Fwp%2Fv2%2Fcomments&post=943"}],"version-history":[{"count":5,"href":"https:\/\/new.guerir.ch\/index.php?rest_route=\/wp\/v2\/posts\/943\/revisions"}],"predecessor-version":[{"id":1017,"href":"https:\/\/new.guerir.ch\/index.php?rest_route=\/wp\/v2\/posts\/943\/revisions\/1017"}],"wp:attachment":[{"href":"https:\/\/new.guerir.ch\/index.php?rest_route=%2Fwp%2Fv2%2Fmedia&parent=943"}],"wp:term":[{"taxonomy":"category","embeddable":true,"href":"https:\/\/new.guerir.ch\/index.php?rest_route=%2Fwp%2Fv2%2Fcategories&post=943"},{"taxonomy":"post_tag","embeddable":true,"href":"https:\/\/new.guerir.ch\/index.php?rest_route=%2Fwp%2Fv2%2Ftags&post=943"}],"curies":[{"name":"wp","href":"https:\/\/api.w.org\/{rel}","templated":true}]}}