{"id":958,"date":"2019-09-06T17:38:53","date_gmt":"2019-09-06T15:38:53","guid":{"rendered":"http:\/\/www.guerir.ch\/?p=958"},"modified":"2026-09-06T00:10:46","modified_gmt":"2026-09-05T22:10:46","slug":"etre-en-harmonie-avec-son-divin-et-son-essence-profonde","status":"publish","type":"post","link":"https:\/\/new.guerir.ch\/?p=958","title":{"rendered":"\u00catre en harmonie avec son divin et son essence profonde"},"content":{"rendered":"\n<div class=\"wp-block-group informations-pratiques-kad has-border-color has-background\" style=\"border-color:#E7DFCF;border-width:1px;border-radius:4px;background-color:#F5EEE1;margin-bottom:28px;padding:22px 26px\"><div class=\"wp-block-group__inner-container is-layout-constrained wp-container-core-group-is-layout-e51df799 wp-block-group-is-layout-constrained\">\n\n<p class=\"wp-block-paragraph\" style=\"color:#3F4046;margin-top:0;margin-bottom:0.5rem;font-size:15px;line-height:1.5\"><span style=\"display:inline-block;min-width:170px;padding-right:12px;vertical-align:top;color:#8C8579;font-size:12px;letter-spacing:0.09em;text-transform:uppercase;font-weight:600\">Dur\u00e9e<\/span>1 jour, 9h-18h.<\/p>\n\n<p class=\"wp-block-paragraph\" style=\"color:#3F4046;margin-top:0;margin-bottom:0.5rem;font-size:15px;line-height:1.5\"><span style=\"display:inline-block;min-width:170px;padding-right:12px;vertical-align:top;color:#8C8579;font-size:12px;letter-spacing:0.09em;text-transform:uppercase;font-weight:600\">Lieu<\/span>mon cabinet ou selon informations dans le calendrier<\/p>\n\n<p class=\"wp-block-paragraph\" style=\"color:#3F4046;margin-top:0;margin-bottom:0.5rem;font-size:15px;line-height:1.5\"><span style=\"display:inline-block;min-width:170px;padding-right:12px;vertical-align:top;color:#8C8579;font-size:12px;letter-spacing:0.09em;text-transform:uppercase;font-weight:600\">Prix du cours<\/span>CHF 200.-, repas non inclus.<\/p>\n\n<p class=\"wp-block-paragraph\" style=\"color:#3F4046;margin-top:0;margin-bottom:0.5rem;font-size:15px;line-height:1.5\"><span style=\"display:inline-block;min-width:170px;padding-right:12px;vertical-align:top;color:#8C8579;font-size:12px;letter-spacing:0.09em;text-transform:uppercase;font-weight:600\">Pr\u00e9requis<\/span>aucun<\/p>\n\n<p class=\"wp-block-paragraph\" style=\"color:#3F4046;margin-top:0;margin-bottom:0.5rem;font-size:15px;line-height:1.5\"><span style=\"display:inline-block;min-width:170px;padding-right:12px;vertical-align:top;color:#8C8579;font-size:12px;letter-spacing:0.09em;text-transform:uppercase;font-weight:600\">Prochaines dates<\/span><strong><a href=\"http:\/\/www.guerir.ch\/calendrier\/\">voir&nbsp;calendrier<\/a><\/strong><\/p>\n<\/div><\/div>\n\n\n<p class=\"wp-block-paragraph\" style=\"color:#3F4046;font-size:17px;line-height:1.72\">Nous sommes des \u00eatres multidimensionnels. Nous avons plusieurs identit\u00e9s internes comme par exemple l\u2019enfant int\u00e9rieur. Certaines sont plus \u00ab&nbsp;vitales&nbsp;\u00bb que d\u2019autres, plus essentielles car elles nous donnent notre ligne directrice dans la vie. C\u2019est le cas de l\u2019essence profonde et du divin.<\/p>\n\n\n<p class=\"wp-block-paragraph\" style=\"color:#3F4046;font-size:17px;line-height:1.72\">L\u2019essence profonde est une part de l\u2019\u00e2me qui contient l\u2019identit\u00e9 premi\u00e8re, on pourrait aussi l\u2019appeler \u00e9nergie de base ou kundalini. Si vous \u00eates align\u00e9s avec votre essence profonde, c\u2019est \u00e0 dire si vous vivez une vie conforme \u00e0 ce qu\u2019elle souhaite, \u00e0 ce qui la fait vibrer, vous aurez l\u2019impression de r\u00e9ussir votre vie, d\u2019\u00eatre en accord avec vous-m\u00eame et cela vous rendra heureux. La vie \u00e9tant faite de compromis et de conditionnements, il est possible quand on ne s\u2019\u00e9coute pas bien, de trahir ses id\u00e9aux et donc les buts premiers de l\u2019essence profonde. Il est donc tr\u00e8s utile de trouver des moyens pour comprendre cette part de vous et pour la gu\u00e9rir le cas \u00e9ch\u00e9ant, car cette partie peut \u00eatre bless\u00e9e ou bloqu\u00e9e par des croyances et des conditionnements. L\u2019essence profonde est une des forces vitales les plus essentielles dont nous disposons pour cr\u00e9er.<\/p>\n\n\n<p class=\"wp-block-paragraph\" style=\"color:#3F4046;font-size:17px;line-height:1.72\">Le divin est une autre part de l\u2019\u00e2me qui est apte \u00e0 \u00eatre Un avec Dieu ou l\u2019\u00e9nergie divine de l\u2019Univers. Le divin est ce qui vous rend sacr\u00e9 et uni au Tout. C\u2019est une force de cr\u00e9ation puissante qui vous permet de vous r\u00e9aliser \u00e0 un niveau spirituel. De nombreuses vies pass\u00e9es \u00e0 souffrir au niveau religieux ou spirituel peuvent alt\u00e9rer l\u2019harmonie interne de cette partie de vous et vous plonger dans la souffrance int\u00e9rieure et la d\u00e9pression. La perte de sens est une des cons\u00e9quences les plus importantes de la d\u00e9tresse du divin int\u00e9rieur. En gu\u00e9rissant votre partie divine, vous serez r\u00e9align\u00e9s avec vos besoin spirituels et profonds et votre cr\u00e9ation de vie s\u2019en trouvera nettement am\u00e9lior\u00e9e.<\/p>\n\n\n<p class=\"wp-block-paragraph\" style=\"color:#3F4046;font-size:17px;line-height:1.72\">Ces deux parties fonctionnent ensemble, elles se compl\u00e8tent et elles vous permettent toutes les deux de vous sentir align\u00e9, juste, ad\u00e9quat et de vivre dans le bonheur.<\/p>\n\n\n<p class=\"wp-block-paragraph\" style=\"color:#3F4046;font-size:17px;line-height:1.72\">Ce stage ne n\u00e9cessite aucun pr\u00e9-requis, il vous permettra de d\u00e9couvrir certains aspects inconscients de votre \u00e2me et ainsi de vous comprendre mieux. Vous aurez ainsi aussi un aper\u00e7u de ce que vous pourriez apprendre dans mon cours Identit\u00e9s qui dure 5 jours et qui est r\u00e9serv\u00e9 \u00e0 ceux qui choisissent de faire mon cursus complet de 1er ou 2\u00e8me niveau.<\/p>\n","protected":false},"excerpt":{"rendered":"<p>Dur\u00e9e1 jour, 9h-18h. Lieumon cabinet ou selon informations dans le calendrier Prix du coursCHF 200.-, repas non inclus. Pr\u00e9requisaucun Prochaines datesvoir&nbsp;calendrier Nous sommes des \u00eatres multidimensionnels. Nous avons plusieurs identit\u00e9s internes comme par exemple l\u2019enfant int\u00e9rieur. Certaines sont plus \u00ab&nbsp;vitales&nbsp;\u00bb que d\u2019autres, plus essentielles car elles nous donnent notre ligne directrice dans la vie. C\u2019est&#8230;<\/p>\n","protected":false},"author":1,"featured_media":867,"comment_status":"closed","ping_status":"closed","sticky":false,"template":"","format":"aside","meta":{"_kad_post_transparent":"","_kad_post_title":"","_kad_post_layout":"","_kad_post_sidebar_id":"","_kad_post_content_style":"","_kad_post_vertical_padding":"","_kad_post_feature":"","_kad_post_feature_position":"","_kad_post_header":false,"_kad_post_footer":false,"_kad_post_classname":"","footnotes":""},"categories":[340],"tags":[378,382,381,380],"class_list":["post-958","post","type-post","status-publish","format-aside","has-post-thumbnail","hentry","category-stages-therapeutiques","tag-divin","tag-revenir-a-soi","tag-se-decouvrir","tag-spirituel","post_format-post-format-aside"],"_links":{"self":[{"href":"https:\/\/new.guerir.ch\/index.php?rest_route=\/wp\/v2\/posts\/958","targetHints":{"allow":["GET"]}}],"collection":[{"href":"https:\/\/new.guerir.ch\/index.php?rest_route=\/wp\/v2\/posts"}],"about":[{"href":"https:\/\/new.guerir.ch\/index.php?rest_route=\/wp\/v2\/types\/post"}],"author":[{"embeddable":true,"href":"https:\/\/new.guerir.ch\/index.php?rest_route=\/wp\/v2\/users\/1"}],"replies":[{"embeddable":true,"href":"https:\/\/new.guerir.ch\/index.php?rest_route=%2Fwp%2Fv2%2Fcomments&post=958"}],"version-history":[{"count":5,"href":"https:\/\/new.guerir.ch\/index.php?rest_route=\/wp\/v2\/posts\/958\/revisions"}],"predecessor-version":[{"id":4501,"href":"https:\/\/new.guerir.ch\/index.php?rest_route=\/wp\/v2\/posts\/958\/revisions\/4501"}],"wp:featuredmedia":[{"embeddable":true,"href":"https:\/\/new.guerir.ch\/index.php?rest_route=\/wp\/v2\/media\/867"}],"wp:attachment":[{"href":"https:\/\/new.guerir.ch\/index.php?rest_route=%2Fwp%2Fv2%2Fmedia&parent=958"}],"wp:term":[{"taxonomy":"category","embeddable":true,"href":"https:\/\/new.guerir.ch\/index.php?rest_route=%2Fwp%2Fv2%2Fcategories&post=958"},{"taxonomy":"post_tag","embeddable":true,"href":"https:\/\/new.guerir.ch\/index.php?rest_route=%2Fwp%2Fv2%2Ftags&post=958"}],"curies":[{"name":"wp","href":"https:\/\/api.w.org\/{rel}","templated":true}]}}