{"id":99,"date":"2012-08-12T16:22:03","date_gmt":"2012-08-12T14:22:03","guid":{"rendered":"http:\/\/www.guerir.ch\/wordpress\/?p=99"},"modified":"2026-09-06T00:10:38","modified_gmt":"2026-09-05T22:10:38","slug":"le-hara-centre-dequilibre-et-force-de-vie","status":"publish","type":"post","link":"https:\/\/new.guerir.ch\/?p=99","title":{"rendered":"Le Hara: centre d&rsquo;\u00e9quilibre et force de vie"},"content":{"rendered":"\n<div class=\"wp-block-group informations-pratiques-kad has-border-color has-background\" style=\"border-color:#E7DFCF;border-width:1px;border-radius:4px;background-color:#F5EEE1;margin-bottom:28px;padding:22px 26px\"><div class=\"wp-block-group__inner-container is-layout-constrained wp-container-core-group-is-layout-e51df799 wp-block-group-is-layout-constrained\">\n\n<p class=\"wp-block-paragraph\" style=\"color:#3F4046;margin-top:0;margin-bottom:0.5rem;font-size:15px;line-height:1.5\"><span style=\"display:inline-block;min-width:170px;padding-right:12px;vertical-align:top;color:#8C8579;font-size:12px;letter-spacing:0.09em;text-transform:uppercase;font-weight:600\">Dur\u00e9e<\/span>1 jour (9h-18h)<\/p>\n\n<p class=\"wp-block-paragraph\" style=\"color:#3F4046;margin-top:0;margin-bottom:0.5rem;font-size:15px;line-height:1.5\"><span style=\"display:inline-block;min-width:170px;padding-right:12px;vertical-align:top;color:#8C8579;font-size:12px;letter-spacing:0.09em;text-transform:uppercase;font-weight:600\">Lieu<\/span>\u00e0 mon cabinet<\/p>\n\n<p class=\"wp-block-paragraph\" style=\"color:#3F4046;margin-top:0;margin-bottom:0.5rem;font-size:15px;line-height:1.5\"><span style=\"display:inline-block;min-width:170px;padding-right:12px;vertical-align:top;color:#8C8579;font-size:12px;letter-spacing:0.09em;text-transform:uppercase;font-weight:600\">Prix du cours<\/span>CHF 200.-<\/p>\n\n<p class=\"wp-block-paragraph\" style=\"color:#3F4046;margin-top:0;margin-bottom:0.5rem;font-size:15px;line-height:1.5\"><span style=\"display:inline-block;min-width:170px;padding-right:12px;vertical-align:top;color:#8C8579;font-size:12px;letter-spacing:0.09em;text-transform:uppercase;font-weight:600\">Pr\u00e9 requis<\/span>Aucun<\/p>\n\n<p class=\"wp-block-paragraph\" style=\"color:#3F4046;margin-top:0;margin-bottom:0.5rem;font-size:15px;line-height:1.5\"><span style=\"display:inline-block;min-width:170px;padding-right:12px;vertical-align:top;color:#8C8579;font-size:12px;letter-spacing:0.09em;text-transform:uppercase;font-weight:600\">Prochaines dates<\/span><strong><a href=\"http:\/\/www.guerir.ch\/calendrier\/\">voir&nbsp;calendrier<\/a><\/strong><\/p>\n<\/div><\/div>\n\n\n<p class=\"wp-block-paragraph\" style=\"color:#3F4046;font-size:17px;line-height:1.72\">Le Hara est le centre d\u2019incarnation et d\u2019\u00e9quilibre de notre corps \u00e9nerg\u00e9tique. Il se trouve au niveau du chakra sacr\u00e9, dans le bas ventre (mais n\u2019est pas le chakra sacr\u00e9). Il repr\u00e9sente la force avec laquelle vous \u00eates incarn\u00e9 et combien vous \u00eates d\u00e9termin\u00e9s dans vos actions.<\/p>\n\n\n<p class=\"wp-block-paragraph\" style=\"color:#3F4046;font-size:17px;line-height:1.72\">Le travail sur le Hara est indispensable pour la gu\u00e9rison physique et psychique, si il est \u00e9quilibr\u00e9, il est plus facile de gu\u00e9rir, de se remettre de ses chocs et traumatismes, car le hara vous donne de la force, de la structure, de la vigueur, de la r\u00e9silience. Si par exemple vous constatez que l\u2019ost\u00e9opathie, la physioth\u00e9rapie ou le massage ne sont pas suffisamment efficace dans le temps pour vous gu\u00e9rir, que apr\u00e8s chaque s\u00e9ance votre corps recommence \u00e0 faire mal, la solution est probablement \u00e0 chercher du c\u00f4t\u00e9 du Hara.<\/p>\n\n\n<p class=\"wp-block-paragraph\" style=\"color:#3F4046;font-size:17px;line-height:1.72\">Ce cours peut r\u00e9soudre de nombreux probl\u00e8mes. Vous y gagnerez un bien meilleur \u00e9quilibre physique, \u00e9motionnel et psychique, plus de force de vie, plus de joie de vivre et la r\u00e9solution de certains de vos blocages physiques.<\/p>\n\n\n<p class=\"wp-block-paragraph\" style=\"color:#3F4046;font-size:17px;line-height:1.72\">Le travail sur le Hara est aussi tr\u00e8s utile pour les sportifs ou les sportifs d\u2019\u00e9lite car il permet de ne faire qu\u2019un avec son corps et d\u2019am\u00e9liorer ses performances et son \u00e9quilibre. Les pratiquants des arts martiaux ou les chanteurs utilisent beaucoup le Hara (souvent sans s\u2019en rendre compte) pour obtenir plus de puissance, de constance ou de justesse.<\/p>\n\n\n<p class=\"wp-block-paragraph\" style=\"color:#3F4046;font-size:17px;line-height:1.72\">Enfin un hara puissant permet d\u2019avoir plus de charisme, de leadership. Plus votre hara rayonne, plus vous rayonnez de d\u00e9termination, plus vous \u00eates visibles.<\/p>\n","protected":false},"excerpt":{"rendered":"<p>Dur\u00e9e1 jour (9h-18h) Lieu\u00e0 mon cabinet Prix du coursCHF 200.- Pr\u00e9 requisAucun Prochaines datesvoir&nbsp;calendrier Le Hara est le centre d\u2019incarnation et d\u2019\u00e9quilibre de notre corps \u00e9nerg\u00e9tique. Il se trouve au niveau du chakra sacr\u00e9, dans le bas ventre (mais n\u2019est pas le chakra sacr\u00e9). Il repr\u00e9sente la force avec laquelle vous \u00eates incarn\u00e9 et combien&#8230;<\/p>\n","protected":false},"author":1,"featured_media":867,"comment_status":"closed","ping_status":"closed","sticky":false,"template":"","format":"aside","meta":{"_kad_post_transparent":"","_kad_post_title":"","_kad_post_layout":"","_kad_post_sidebar_id":"","_kad_post_content_style":"","_kad_post_vertical_padding":"","_kad_post_feature":"","_kad_post_feature_position":"","_kad_post_header":false,"_kad_post_footer":false,"_kad_post_classname":"","footnotes":""},"categories":[18],"tags":[260,257,259,262,263,19,21,20,22,23,258,261],"class_list":["post-99","post","type-post","status-publish","format-aside","has-post-thumbnail","hentry","category-cours-individuels","tag-arts-martiaux","tag-chant","tag-coaching-sportif","tag-energie-vitale","tag-envie-de-vivre","tag-equilibre","tag-force-de-vie","tag-hara","tag-incarnation","tag-puissance","tag-sport","tag-survie","post_format-post-format-aside"],"_links":{"self":[{"href":"https:\/\/new.guerir.ch\/index.php?rest_route=\/wp\/v2\/posts\/99","targetHints":{"allow":["GET"]}}],"collection":[{"href":"https:\/\/new.guerir.ch\/index.php?rest_route=\/wp\/v2\/posts"}],"about":[{"href":"https:\/\/new.guerir.ch\/index.php?rest_route=\/wp\/v2\/types\/post"}],"author":[{"embeddable":true,"href":"https:\/\/new.guerir.ch\/index.php?rest_route=\/wp\/v2\/users\/1"}],"replies":[{"embeddable":true,"href":"https:\/\/new.guerir.ch\/index.php?rest_route=%2Fwp%2Fv2%2Fcomments&post=99"}],"version-history":[{"count":12,"href":"https:\/\/new.guerir.ch\/index.php?rest_route=\/wp\/v2\/posts\/99\/revisions"}],"predecessor-version":[{"id":4491,"href":"https:\/\/new.guerir.ch\/index.php?rest_route=\/wp\/v2\/posts\/99\/revisions\/4491"}],"wp:featuredmedia":[{"embeddable":true,"href":"https:\/\/new.guerir.ch\/index.php?rest_route=\/wp\/v2\/media\/867"}],"wp:attachment":[{"href":"https:\/\/new.guerir.ch\/index.php?rest_route=%2Fwp%2Fv2%2Fmedia&parent=99"}],"wp:term":[{"taxonomy":"category","embeddable":true,"href":"https:\/\/new.guerir.ch\/index.php?rest_route=%2Fwp%2Fv2%2Fcategories&post=99"},{"taxonomy":"post_tag","embeddable":true,"href":"https:\/\/new.guerir.ch\/index.php?rest_route=%2Fwp%2Fv2%2Ftags&post=99"}],"curies":[{"name":"wp","href":"https:\/\/api.w.org\/{rel}","templated":true}]}}